{"id":3247,"date":"2023-05-09T06:53:06","date_gmt":"2023-05-09T04:53:06","guid":{"rendered":"https:\/\/feuerwehr.neumarkt-ybbs.at\/ff\/?p=3247"},"modified":"2023-05-09T06:53:06","modified_gmt":"2023-05-09T04:53:06","slug":"florianimesse","status":"publish","type":"post","link":"https:\/\/feuerwehr.neumarkt-ybbs.at\/ff\/index.php\/2023\/05\/09\/florianimesse\/","title":{"rendered":"Florianimesse"},"content":{"rendered":"<p>Am vergangenen Samstag, den 06.05.2023 fand im Feuerwehrhaus Kemmelbach die Florianimesse der Marktgemeinde Neumarkt an der Ybbs statt.<\/p>\n<p>Jedes Jahr im Mai feiern wir in unserer Marktgemeinde den Florianitag.<br \/>\nDoch warum und was hat der Heilige Florian damit zu tun?<br \/>\nDer heilige Florian wird oft als Schutzpatron der Feuerwehr verehrt, da er f\u00fcr seine Tapferkeit und seinen Glauben bekannt ist. Seine Statue ist oft in Feuerwehrh\u00e4usern zu finden und viele Feuerwehrkameraden*innen tragen Anh\u00e4nger oder Medaillen mit seinem Bild. Die Feuerwehrmitglieder sehen in ihm ein Vorbild f\u00fcr ihre eigene Arbeit und hoffen, dass er sie in schwierigen Situationen besch\u00fctzt.<\/p>\n<p>Feuerwehrmann zu sein ist nicht nur ein Hobby.<br \/>\nFeuerwehrmann zu sein ist viel mehr.<br \/>\nAls Feuerwehrmann wei\u00df man nie, was einem erwartet. Wir st\u00fcrtzen uns ins Geschehen mit der Priorit\u00e4t unseren Mitmenschen zu helfen. Dabei ist es egal, welcher Abstammung der Mensch ist, dabei ist es egal an welche Religion der Mensch glaubt und dabei ist es auch egal wer der Mensch ist. Mensch ist Mensch- das Lernen bereits unsere Kinder und Jugendliche bei der Jugendfeuerwehr mit dem Leitspruch &#8222;Einer f\u00fcr alle- Alle f\u00fcr einen&#8220;.<\/p>\n<p>Der Florianitag ist der Tag, an dem wir uns bedanken k\u00f6nnen, dass wir nach jedem Einsatz gut nachhause gekommen sind.<br \/>\nAuch wir haben Familien, die warten bis wir nachhause kommen. Wir gedenken ganz besonders an die Feuerwehrmitglieder, die nicht mehr nachhause gekommen sind.<\/p>\n<p>&nbsp;<\/p>\n<p class=\"jetpack-slideshow-noscript robots-nocontent\">Diese Diashow ben\u00f6tigt JavaScript.<\/p><div id=\"gallery-3247-1-slideshow\" class=\"jetpack-slideshow-window jetpack-slideshow jetpack-slideshow-black\" data-trans=\"fade\" data-autostart=\"1\" data-gallery=\"[{&quot;src&quot;:&quot;https:\\\/\\\/feuerwehr.neumarkt-ybbs.at\\\/ff\\\/wp-content\\\/uploads\\\/2023\\\/05\\\/2023_05_064451-1.jpg&quot;,&quot;id&quot;:&quot;3243&quot;,&quot;title&quot;:&quot;2023_05_064451&quot;,&quot;alt&quot;:&quot;&quot;,&quot;caption&quot;:&quot;&quot;,&quot;itemprop&quot;:&quot;image&quot;},{&quot;src&quot;:&quot;https:\\\/\\\/feuerwehr.neumarkt-ybbs.at\\\/ff\\\/wp-content\\\/uploads\\\/2023\\\/05\\\/2023_05_064422-1.jpg&quot;,&quot;id&quot;:&quot;3240&quot;,&quot;title&quot;:&quot;2023_05_064422&quot;,&quot;alt&quot;:&quot;&quot;,&quot;caption&quot;:&quot;&quot;,&quot;itemprop&quot;:&quot;image&quot;},{&quot;src&quot;:&quot;https:\\\/\\\/feuerwehr.neumarkt-ybbs.at\\\/ff\\\/wp-content\\\/uploads\\\/2023\\\/05\\\/2023_05_064449-1.jpg&quot;,&quot;id&quot;:&quot;3241&quot;,&quot;title&quot;:&quot;2023_05_064449&quot;,&quot;alt&quot;:&quot;&quot;,&quot;caption&quot;:&quot;&quot;,&quot;itemprop&quot;:&quot;image&quot;},{&quot;src&quot;:&quot;https:\\\/\\\/feuerwehr.neumarkt-ybbs.at\\\/ff\\\/wp-content\\\/uploads\\\/2023\\\/05\\\/2023_05_064450-1.jpg&quot;,&quot;id&quot;:&quot;3242&quot;,&quot;title&quot;:&quot;2023_05_064450&quot;,&quot;alt&quot;:&quot;&quot;,&quot;caption&quot;:&quot;&quot;,&quot;itemprop&quot;:&quot;image&quot;}]\" itemscope itemtype=\"https:\/\/schema.org\/ImageGallery\"><\/div>\n","protected":false},"excerpt":{"rendered":"<p>Am vergangenen Samstag, den 06.05.2023 fand im Feuerwehrhaus Kemmelbach die Florianimesse der Marktgemeinde Neumarkt an der Ybbs statt. Jedes Jahr im Mai feiern wir in unserer Marktgemeinde den Florianitag. Doch warum und was hat der Heilige Florian damit zu tun?<\/p>\n","protected":false},"author":5,"featured_media":3234,"comment_status":"closed","ping_status":"closed","sticky":false,"template":"","format":"standard","meta":{"jetpack_post_was_ever_published":false,"_jetpack_newsletter_access":"","_jetpack_dont_email_post_to_subs":false,"_jetpack_newsletter_tier_id":0,"_jetpack_memberships_contains_paywalled_content":false,"_jetpack_memberships_contains_paid_content":false,"footnotes":"","jetpack_publicize_message":"Florianimesse","jetpack_publicize_feature_enabled":true,"jetpack_social_post_already_shared":true,"jetpack_social_options":{"image_generator_settings":{"template":"highway","default_image_id":0,"font":"","enabled":false},"version":2}},"categories":[1],"tags":[],"class_list":["post-3247","post","type-post","status-publish","format-standard","has-post-thumbnail","hentry","category-news"],"yoast_head":"<!-- This site is optimized with the Yoast SEO plugin v27.2 - https:\/\/yoast.com\/product\/yoast-seo-wordpress\/ -->\n<title>Florianimesse - Feuerwehr Neumarkt\/Ybbs<\/title>\n<meta name=\"robots\" content=\"index, follow, max-snippet:-1, max-image-preview:large, max-video-preview:-1\" \/>\n<link rel=\"canonical\" href=\"https:\/\/feuerwehr.neumarkt-ybbs.at\/ff\/index.php\/2023\/05\/09\/florianimesse\/\" \/>\n<meta property=\"og:locale\" content=\"de_DE\" \/>\n<meta property=\"og:type\" content=\"article\" \/>\n<meta property=\"og:title\" content=\"Florianimesse - Feuerwehr Neumarkt\/Ybbs\" \/>\n<meta property=\"og:description\" content=\"Am vergangenen Samstag, den 06.05.2023 fand im Feuerwehrhaus Kemmelbach die Florianimesse der Marktgemeinde Neumarkt an der Ybbs statt. Jedes Jahr im Mai feiern wir in unserer Marktgemeinde den Florianitag. Doch warum und was hat der Heilige Florian damit zu tun?\" \/>\n<meta property=\"og:url\" content=\"https:\/\/feuerwehr.neumarkt-ybbs.at\/ff\/index.php\/2023\/05\/09\/florianimesse\/\" \/>\n<meta property=\"og:site_name\" content=\"Feuerwehr Neumarkt\/Ybbs\" \/>\n<meta property=\"article:publisher\" content=\"https:\/\/www.facebook.com\/ff.neumarkt.ybbs\" \/>\n<meta property=\"article:published_time\" content=\"2023-05-09T04:53:06+00:00\" \/>\n<meta property=\"og:image\" content=\"https:\/\/feuerwehr.neumarkt-ybbs.at\/ff\/wp-content\/uploads\/2023\/05\/2023_05_06-T-scaled.jpg\" \/>\n\t<meta property=\"og:image:width\" content=\"2560\" \/>\n\t<meta property=\"og:image:height\" content=\"2016\" \/>\n\t<meta property=\"og:image:type\" content=\"image\/jpeg\" \/>\n<meta name=\"author\" content=\"Tobias Haberl\" \/>\n<meta name=\"twitter:card\" content=\"summary_large_image\" \/>\n<meta name=\"twitter:label1\" content=\"Verfasst von\" \/>\n\t<meta name=\"twitter:data1\" content=\"Tobias Haberl\" \/>\n\t<meta name=\"twitter:label2\" content=\"Gesch\u00e4tzte Lesezeit\" \/>\n\t<meta name=\"twitter:data2\" content=\"2\u00a0Minuten\" \/>\n<script type=\"application\/ld+json\" class=\"yoast-schema-graph\">{\"@context\":\"https:\/\/schema.org\",\"@graph\":[{\"@type\":\"Article\",\"@id\":\"https:\/\/feuerwehr.neumarkt-ybbs.at\/ff\/index.php\/2023\/05\/09\/florianimesse\/#article\",\"isPartOf\":{\"@id\":\"https:\/\/feuerwehr.neumarkt-ybbs.at\/ff\/index.php\/2023\/05\/09\/florianimesse\/\"},\"author\":{\"name\":\"Tobias Haberl\",\"@id\":\"https:\/\/feuerwehr.neumarkt-ybbs.at\/ff\/#\/schema\/person\/66c0db62bddbedbe8912f8d33991d0b1\"},\"headline\":\"Florianimesse\",\"datePublished\":\"2023-05-09T04:53:06+00:00\",\"mainEntityOfPage\":{\"@id\":\"https:\/\/feuerwehr.neumarkt-ybbs.at\/ff\/index.php\/2023\/05\/09\/florianimesse\/\"},\"wordCount\":242,\"image\":{\"@id\":\"https:\/\/feuerwehr.neumarkt-ybbs.at\/ff\/index.php\/2023\/05\/09\/florianimesse\/#primaryimage\"},\"thumbnailUrl\":\"https:\/\/feuerwehr.neumarkt-ybbs.at\/ff\/wp-content\/uploads\/2023\/05\/2023_05_06-T-scaled.jpg\",\"articleSection\":[\"Neuigkeiten\"],\"inLanguage\":\"de\"},{\"@type\":\"WebPage\",\"@id\":\"https:\/\/feuerwehr.neumarkt-ybbs.at\/ff\/index.php\/2023\/05\/09\/florianimesse\/\",\"url\":\"https:\/\/feuerwehr.neumarkt-ybbs.at\/ff\/index.php\/2023\/05\/09\/florianimesse\/\",\"name\":\"Florianimesse - Feuerwehr Neumarkt\/Ybbs\",\"isPartOf\":{\"@id\":\"https:\/\/feuerwehr.neumarkt-ybbs.at\/ff\/#website\"},\"primaryImageOfPage\":{\"@id\":\"https:\/\/feuerwehr.neumarkt-ybbs.at\/ff\/index.php\/2023\/05\/09\/florianimesse\/#primaryimage\"},\"image\":{\"@id\":\"https:\/\/feuerwehr.neumarkt-ybbs.at\/ff\/index.php\/2023\/05\/09\/florianimesse\/#primaryimage\"},\"thumbnailUrl\":\"https:\/\/feuerwehr.neumarkt-ybbs.at\/ff\/wp-content\/uploads\/2023\/05\/2023_05_06-T-scaled.jpg\",\"datePublished\":\"2023-05-09T04:53:06+00:00\",\"author\":{\"@id\":\"https:\/\/feuerwehr.neumarkt-ybbs.at\/ff\/#\/schema\/person\/66c0db62bddbedbe8912f8d33991d0b1\"},\"breadcrumb\":{\"@id\":\"https:\/\/feuerwehr.neumarkt-ybbs.at\/ff\/index.php\/2023\/05\/09\/florianimesse\/#breadcrumb\"},\"inLanguage\":\"de\",\"potentialAction\":[{\"@type\":\"ReadAction\",\"target\":[\"https:\/\/feuerwehr.neumarkt-ybbs.at\/ff\/index.php\/2023\/05\/09\/florianimesse\/\"]}]},{\"@type\":\"ImageObject\",\"inLanguage\":\"de\",\"@id\":\"https:\/\/feuerwehr.neumarkt-ybbs.at\/ff\/index.php\/2023\/05\/09\/florianimesse\/#primaryimage\",\"url\":\"https:\/\/feuerwehr.neumarkt-ybbs.at\/ff\/wp-content\/uploads\/2023\/05\/2023_05_06-T-scaled.jpg\",\"contentUrl\":\"https:\/\/feuerwehr.neumarkt-ybbs.at\/ff\/wp-content\/uploads\/2023\/05\/2023_05_06-T-scaled.jpg\",\"width\":2560,\"height\":2016},{\"@type\":\"BreadcrumbList\",\"@id\":\"https:\/\/feuerwehr.neumarkt-ybbs.at\/ff\/index.php\/2023\/05\/09\/florianimesse\/#breadcrumb\",\"itemListElement\":[{\"@type\":\"ListItem\",\"position\":1,\"name\":\"Startseite\",\"item\":\"https:\/\/feuerwehr.neumarkt-ybbs.at\/ff\/\"},{\"@type\":\"ListItem\",\"position\":2,\"name\":\"Florianimesse\"}]},{\"@type\":\"WebSite\",\"@id\":\"https:\/\/feuerwehr.neumarkt-ybbs.at\/ff\/#website\",\"url\":\"https:\/\/feuerwehr.neumarkt-ybbs.at\/ff\/\",\"name\":\"Feuerwehr Neumarkt\/Ybbs\",\"description\":\"Retten, Sch\u00fctzen, Bergen und L\u00f6schen\",\"potentialAction\":[{\"@type\":\"SearchAction\",\"target\":{\"@type\":\"EntryPoint\",\"urlTemplate\":\"https:\/\/feuerwehr.neumarkt-ybbs.at\/ff\/?s={search_term_string}\"},\"query-input\":{\"@type\":\"PropertyValueSpecification\",\"valueRequired\":true,\"valueName\":\"search_term_string\"}}],\"inLanguage\":\"de\"},{\"@type\":\"Person\",\"@id\":\"https:\/\/feuerwehr.neumarkt-ybbs.at\/ff\/#\/schema\/person\/66c0db62bddbedbe8912f8d33991d0b1\",\"name\":\"Tobias Haberl\",\"image\":{\"@type\":\"ImageObject\",\"inLanguage\":\"de\",\"@id\":\"https:\/\/secure.gravatar.com\/avatar\/1a85447a327fe37bcdc40a41ced1a38f8e851872c0f036bac33ffb43de1125a1?s=96&d=mm&r=g\",\"url\":\"https:\/\/secure.gravatar.com\/avatar\/1a85447a327fe37bcdc40a41ced1a38f8e851872c0f036bac33ffb43de1125a1?s=96&d=mm&r=g\",\"contentUrl\":\"https:\/\/secure.gravatar.com\/avatar\/1a85447a327fe37bcdc40a41ced1a38f8e851872c0f036bac33ffb43de1125a1?s=96&d=mm&r=g\",\"caption\":\"Tobias Haberl\"},\"url\":\"https:\/\/feuerwehr.neumarkt-ybbs.at\/ff\/index.php\/author\/tobias\/\"}]}<\/script>\n<!-- \/ Yoast SEO plugin. -->","yoast_head_json":{"title":"Florianimesse - Feuerwehr Neumarkt\/Ybbs","robots":{"index":"index","follow":"follow","max-snippet":"max-snippet:-1","max-image-preview":"max-image-preview:large","max-video-preview":"max-video-preview:-1"},"canonical":"https:\/\/feuerwehr.neumarkt-ybbs.at\/ff\/index.php\/2023\/05\/09\/florianimesse\/","og_locale":"de_DE","og_type":"article","og_title":"Florianimesse - Feuerwehr Neumarkt\/Ybbs","og_description":"Am vergangenen Samstag, den 06.05.2023 fand im Feuerwehrhaus Kemmelbach die Florianimesse der Marktgemeinde Neumarkt an der Ybbs statt. Jedes Jahr im Mai feiern wir in unserer Marktgemeinde den Florianitag. Doch warum und was hat der Heilige Florian damit zu tun?","og_url":"https:\/\/feuerwehr.neumarkt-ybbs.at\/ff\/index.php\/2023\/05\/09\/florianimesse\/","og_site_name":"Feuerwehr Neumarkt\/Ybbs","article_publisher":"https:\/\/www.facebook.com\/ff.neumarkt.ybbs","article_published_time":"2023-05-09T04:53:06+00:00","og_image":[{"width":2560,"height":2016,"url":"https:\/\/feuerwehr.neumarkt-ybbs.at\/ff\/wp-content\/uploads\/2023\/05\/2023_05_06-T-scaled.jpg","type":"image\/jpeg"}],"author":"Tobias Haberl","twitter_card":"summary_large_image","twitter_misc":{"Verfasst von":"Tobias Haberl","Gesch\u00e4tzte Lesezeit":"2\u00a0Minuten"},"schema":{"@context":"https:\/\/schema.org","@graph":[{"@type":"Article","@id":"https:\/\/feuerwehr.neumarkt-ybbs.at\/ff\/index.php\/2023\/05\/09\/florianimesse\/#article","isPartOf":{"@id":"https:\/\/feuerwehr.neumarkt-ybbs.at\/ff\/index.php\/2023\/05\/09\/florianimesse\/"},"author":{"name":"Tobias Haberl","@id":"https:\/\/feuerwehr.neumarkt-ybbs.at\/ff\/#\/schema\/person\/66c0db62bddbedbe8912f8d33991d0b1"},"headline":"Florianimesse","datePublished":"2023-05-09T04:53:06+00:00","mainEntityOfPage":{"@id":"https:\/\/feuerwehr.neumarkt-ybbs.at\/ff\/index.php\/2023\/05\/09\/florianimesse\/"},"wordCount":242,"image":{"@id":"https:\/\/feuerwehr.neumarkt-ybbs.at\/ff\/index.php\/2023\/05\/09\/florianimesse\/#primaryimage"},"thumbnailUrl":"https:\/\/feuerwehr.neumarkt-ybbs.at\/ff\/wp-content\/uploads\/2023\/05\/2023_05_06-T-scaled.jpg","articleSection":["Neuigkeiten"],"inLanguage":"de"},{"@type":"WebPage","@id":"https:\/\/feuerwehr.neumarkt-ybbs.at\/ff\/index.php\/2023\/05\/09\/florianimesse\/","url":"https:\/\/feuerwehr.neumarkt-ybbs.at\/ff\/index.php\/2023\/05\/09\/florianimesse\/","name":"Florianimesse - Feuerwehr Neumarkt\/Ybbs","isPartOf":{"@id":"https:\/\/feuerwehr.neumarkt-ybbs.at\/ff\/#website"},"primaryImageOfPage":{"@id":"https:\/\/feuerwehr.neumarkt-ybbs.at\/ff\/index.php\/2023\/05\/09\/florianimesse\/#primaryimage"},"image":{"@id":"https:\/\/feuerwehr.neumarkt-ybbs.at\/ff\/index.php\/2023\/05\/09\/florianimesse\/#primaryimage"},"thumbnailUrl":"https:\/\/feuerwehr.neumarkt-ybbs.at\/ff\/wp-content\/uploads\/2023\/05\/2023_05_06-T-scaled.jpg","datePublished":"2023-05-09T04:53:06+00:00","author":{"@id":"https:\/\/feuerwehr.neumarkt-ybbs.at\/ff\/#\/schema\/person\/66c0db62bddbedbe8912f8d33991d0b1"},"breadcrumb":{"@id":"https:\/\/feuerwehr.neumarkt-ybbs.at\/ff\/index.php\/2023\/05\/09\/florianimesse\/#breadcrumb"},"inLanguage":"de","potentialAction":[{"@type":"ReadAction","target":["https:\/\/feuerwehr.neumarkt-ybbs.at\/ff\/index.php\/2023\/05\/09\/florianimesse\/"]}]},{"@type":"ImageObject","inLanguage":"de","@id":"https:\/\/feuerwehr.neumarkt-ybbs.at\/ff\/index.php\/2023\/05\/09\/florianimesse\/#primaryimage","url":"https:\/\/feuerwehr.neumarkt-ybbs.at\/ff\/wp-content\/uploads\/2023\/05\/2023_05_06-T-scaled.jpg","contentUrl":"https:\/\/feuerwehr.neumarkt-ybbs.at\/ff\/wp-content\/uploads\/2023\/05\/2023_05_06-T-scaled.jpg","width":2560,"height":2016},{"@type":"BreadcrumbList","@id":"https:\/\/feuerwehr.neumarkt-ybbs.at\/ff\/index.php\/2023\/05\/09\/florianimesse\/#breadcrumb","itemListElement":[{"@type":"ListItem","position":1,"name":"Startseite","item":"https:\/\/feuerwehr.neumarkt-ybbs.at\/ff\/"},{"@type":"ListItem","position":2,"name":"Florianimesse"}]},{"@type":"WebSite","@id":"https:\/\/feuerwehr.neumarkt-ybbs.at\/ff\/#website","url":"https:\/\/feuerwehr.neumarkt-ybbs.at\/ff\/","name":"Feuerwehr Neumarkt\/Ybbs","description":"Retten, Sch\u00fctzen, Bergen und L\u00f6schen","potentialAction":[{"@type":"SearchAction","target":{"@type":"EntryPoint","urlTemplate":"https:\/\/feuerwehr.neumarkt-ybbs.at\/ff\/?s={search_term_string}"},"query-input":{"@type":"PropertyValueSpecification","valueRequired":true,"valueName":"search_term_string"}}],"inLanguage":"de"},{"@type":"Person","@id":"https:\/\/feuerwehr.neumarkt-ybbs.at\/ff\/#\/schema\/person\/66c0db62bddbedbe8912f8d33991d0b1","name":"Tobias Haberl","image":{"@type":"ImageObject","inLanguage":"de","@id":"https:\/\/secure.gravatar.com\/avatar\/1a85447a327fe37bcdc40a41ced1a38f8e851872c0f036bac33ffb43de1125a1?s=96&d=mm&r=g","url":"https:\/\/secure.gravatar.com\/avatar\/1a85447a327fe37bcdc40a41ced1a38f8e851872c0f036bac33ffb43de1125a1?s=96&d=mm&r=g","contentUrl":"https:\/\/secure.gravatar.com\/avatar\/1a85447a327fe37bcdc40a41ced1a38f8e851872c0f036bac33ffb43de1125a1?s=96&d=mm&r=g","caption":"Tobias Haberl"},"url":"https:\/\/feuerwehr.neumarkt-ybbs.at\/ff\/index.php\/author\/tobias\/"}]}},"jetpack_publicize_connections":[],"jetpack_featured_media_url":"https:\/\/feuerwehr.neumarkt-ybbs.at\/ff\/wp-content\/uploads\/2023\/05\/2023_05_06-T-scaled.jpg","jetpack_sharing_enabled":true,"_links":{"self":[{"href":"https:\/\/feuerwehr.neumarkt-ybbs.at\/ff\/index.php\/wp-json\/wp\/v2\/posts\/3247","targetHints":{"allow":["GET"]}}],"collection":[{"href":"https:\/\/feuerwehr.neumarkt-ybbs.at\/ff\/index.php\/wp-json\/wp\/v2\/posts"}],"about":[{"href":"https:\/\/feuerwehr.neumarkt-ybbs.at\/ff\/index.php\/wp-json\/wp\/v2\/types\/post"}],"author":[{"embeddable":true,"href":"https:\/\/feuerwehr.neumarkt-ybbs.at\/ff\/index.php\/wp-json\/wp\/v2\/users\/5"}],"replies":[{"embeddable":true,"href":"https:\/\/feuerwehr.neumarkt-ybbs.at\/ff\/index.php\/wp-json\/wp\/v2\/comments?post=3247"}],"version-history":[{"count":1,"href":"https:\/\/feuerwehr.neumarkt-ybbs.at\/ff\/index.php\/wp-json\/wp\/v2\/posts\/3247\/revisions"}],"predecessor-version":[{"id":3248,"href":"https:\/\/feuerwehr.neumarkt-ybbs.at\/ff\/index.php\/wp-json\/wp\/v2\/posts\/3247\/revisions\/3248"}],"wp:featuredmedia":[{"embeddable":true,"href":"https:\/\/feuerwehr.neumarkt-ybbs.at\/ff\/index.php\/wp-json\/wp\/v2\/media\/3234"}],"wp:attachment":[{"href":"https:\/\/feuerwehr.neumarkt-ybbs.at\/ff\/index.php\/wp-json\/wp\/v2\/media?parent=3247"}],"wp:term":[{"taxonomy":"category","embeddable":true,"href":"https:\/\/feuerwehr.neumarkt-ybbs.at\/ff\/index.php\/wp-json\/wp\/v2\/categories?post=3247"},{"taxonomy":"post_tag","embeddable":true,"href":"https:\/\/feuerwehr.neumarkt-ybbs.at\/ff\/index.php\/wp-json\/wp\/v2\/tags?post=3247"}],"curies":[{"name":"wp","href":"https:\/\/api.w.org\/{rel}","templated":true}]}}