{"id":3050,"date":"2023-03-02T22:14:08","date_gmt":"2023-03-02T21:14:08","guid":{"rendered":"https:\/\/feuerwehr.neumarkt-ybbs.at\/ff\/?p=3050"},"modified":"2023-03-02T22:14:08","modified_gmt":"2023-03-02T21:14:08","slug":"b4-grossbrand-in-bauxberg","status":"publish","type":"post","link":"https:\/\/feuerwehr.neumarkt-ybbs.at\/ff\/index.php\/2023\/03\/02\/b4-grossbrand-in-bauxberg\/","title":{"rendered":"B4 &#8211; Gro\u00dfbrand in Bauxberg"},"content":{"rendered":"<p>Am Dienstag, den 28.02.2023 um 16:34 Uhr, wurde die Feuerwehr Neumarkt zu einem Gro\u00dfbrand nach Bauxberg (Gemeinde Wieselburg-Land) alarmiert.<\/p>\n<p>Bei der Ankunft am Einsatzort stand das landwirtschaftliche Objekt bereits im Vollbrand. Daraufhin stellte die Feuerwehr Neumarkt einen Atemschutztrupp, der zur Brandbek\u00e4mpfung vorging. Unser R\u00fcstl\u00f6schfahrzeug wurde f\u00fcr den Pendelverkehr eingesetzt.<\/p>\n<p>W\u00e4hrend des Gro\u00dfbrandes in Bauxberg, erhielt die Feuerwehr Wieselburg eine weitere Alarmierung- TUS-Alarm in der Brauerei Wieselburg.<br \/>\nNach kurzer Absprache fuhren wir mit unserem R\u00fcstl\u00f6schfahrzeug und einem bereitgestellten Wieselburger Einsatzleiter in die Brauerei, um die Alarmursache zu ermitteln. Gl\u00fccklicherweise wurde festgestellt, dass es sich lediglich um einen Fehlalarm handelte und r\u00fcckten kurz darauf nach Bauxberg zur\u00fcck.<\/p>\n<p>Insgesamt waren zehn Feuerwehren aus zwei Bezirken, mit etwa 170 Einsatzkr\u00e4fte vor Ort und k\u00e4mpften etwa viereinhalb Stunden gegen die Flammen.<br \/>\nDie Brandursache ist noch unklar.<\/p>\n<p>&nbsp;<\/p>\n<p>Fahrzeuge \/ Mitglieder FF Neumarkt:<br \/>\nRLF 1:5, HLF 1:2<\/p>\n<p>Weitere Einsatzkr\u00e4fte:<br \/>\nPolizei, Rettung, FF Petzenkirchen-Bergland, FF Purgstall, FF Steinakirchen, FF Wang, FF Zarnsdorf, FF Kemmelbach, FF Ybbs\/Donau, FF Sarling<\/p>\n<p>Fotos: FF Neumarkt, Doku-N\u00d6<\/p>\n<p>&nbsp;<\/p>\n<p class=\"jetpack-slideshow-noscript robots-nocontent\">Diese Diashow ben\u00f6tigt JavaScript.<\/p><div id=\"gallery-3050-1-slideshow\" class=\"jetpack-slideshow-window jetpack-slideshow jetpack-slideshow-black\" data-trans=\"fade\" data-autostart=\"1\" data-gallery=\"[{&quot;src&quot;:&quot;https:\\\/\\\/feuerwehr.neumarkt-ybbs.at\\\/ff\\\/wp-content\\\/uploads\\\/2023\\\/03\\\/2023_02_283607.jpg&quot;,&quot;id&quot;:&quot;3051&quot;,&quot;title&quot;:&quot;2023_02_283607&quot;,&quot;alt&quot;:&quot;&quot;,&quot;caption&quot;:&quot;&quot;,&quot;itemprop&quot;:&quot;image&quot;},{&quot;src&quot;:&quot;https:\\\/\\\/feuerwehr.neumarkt-ybbs.at\\\/ff\\\/wp-content\\\/uploads\\\/2023\\\/03\\\/2023_02_283618.jpg&quot;,&quot;id&quot;:&quot;3052&quot;,&quot;title&quot;:&quot;2023_02_283618&quot;,&quot;alt&quot;:&quot;&quot;,&quot;caption&quot;:&quot;&quot;,&quot;itemprop&quot;:&quot;image&quot;},{&quot;src&quot;:&quot;https:\\\/\\\/feuerwehr.neumarkt-ybbs.at\\\/ff\\\/wp-content\\\/uploads\\\/2023\\\/03\\\/2023_02_283624.jpg&quot;,&quot;id&quot;:&quot;3053&quot;,&quot;title&quot;:&quot;2023_02_283624&quot;,&quot;alt&quot;:&quot;&quot;,&quot;caption&quot;:&quot;&quot;,&quot;itemprop&quot;:&quot;image&quot;},{&quot;src&quot;:&quot;https:\\\/\\\/feuerwehr.neumarkt-ybbs.at\\\/ff\\\/wp-content\\\/uploads\\\/2023\\\/03\\\/2023_02_283626.jpg&quot;,&quot;id&quot;:&quot;3054&quot;,&quot;title&quot;:&quot;2023_02_283626&quot;,&quot;alt&quot;:&quot;&quot;,&quot;caption&quot;:&quot;&quot;,&quot;itemprop&quot;:&quot;image&quot;},{&quot;src&quot;:&quot;https:\\\/\\\/feuerwehr.neumarkt-ybbs.at\\\/ff\\\/wp-content\\\/uploads\\\/2023\\\/03\\\/2023_02_283633.jpg&quot;,&quot;id&quot;:&quot;3055&quot;,&quot;title&quot;:&quot;2023_02_283633&quot;,&quot;alt&quot;:&quot;&quot;,&quot;caption&quot;:&quot;&quot;,&quot;itemprop&quot;:&quot;image&quot;},{&quot;src&quot;:&quot;https:\\\/\\\/feuerwehr.neumarkt-ybbs.at\\\/ff\\\/wp-content\\\/uploads\\\/2023\\\/03\\\/2023_02_283641-1.jpg&quot;,&quot;id&quot;:&quot;3056&quot;,&quot;title&quot;:&quot;2023_02_283641 1&quot;,&quot;alt&quot;:&quot;&quot;,&quot;caption&quot;:&quot;&quot;,&quot;itemprop&quot;:&quot;image&quot;},{&quot;src&quot;:&quot;https:\\\/\\\/feuerwehr.neumarkt-ybbs.at\\\/ff\\\/wp-content\\\/uploads\\\/2023\\\/03\\\/2023_02_283655.jpg&quot;,&quot;id&quot;:&quot;3057&quot;,&quot;title&quot;:&quot;2023_02_283655&quot;,&quot;alt&quot;:&quot;&quot;,&quot;caption&quot;:&quot;&quot;,&quot;itemprop&quot;:&quot;image&quot;},{&quot;src&quot;:&quot;https:\\\/\\\/feuerwehr.neumarkt-ybbs.at\\\/ff\\\/wp-content\\\/uploads\\\/2023\\\/03\\\/2023_02_283660.jpg&quot;,&quot;id&quot;:&quot;3058&quot;,&quot;title&quot;:&quot;2023_02_283660&quot;,&quot;alt&quot;:&quot;&quot;,&quot;caption&quot;:&quot;&quot;,&quot;itemprop&quot;:&quot;image&quot;},{&quot;src&quot;:&quot;https:\\\/\\\/feuerwehr.neumarkt-ybbs.at\\\/ff\\\/wp-content\\\/uploads\\\/2023\\\/03\\\/2023_02_283662.jpg&quot;,&quot;id&quot;:&quot;3059&quot;,&quot;title&quot;:&quot;2023_02_283662&quot;,&quot;alt&quot;:&quot;&quot;,&quot;caption&quot;:&quot;&quot;,&quot;itemprop&quot;:&quot;image&quot;},{&quot;src&quot;:&quot;https:\\\/\\\/feuerwehr.neumarkt-ybbs.at\\\/ff\\\/wp-content\\\/uploads\\\/2023\\\/03\\\/2023_02_283664.jpg&quot;,&quot;id&quot;:&quot;3060&quot;,&quot;title&quot;:&quot;2023_02_283664&quot;,&quot;alt&quot;:&quot;&quot;,&quot;caption&quot;:&quot;&quot;,&quot;itemprop&quot;:&quot;image&quot;},{&quot;src&quot;:&quot;https:\\\/\\\/feuerwehr.neumarkt-ybbs.at\\\/ff\\\/wp-content\\\/uploads\\\/2023\\\/03\\\/2023_02_283666.jpg&quot;,&quot;id&quot;:&quot;3061&quot;,&quot;title&quot;:&quot;2023_02_283666&quot;,&quot;alt&quot;:&quot;&quot;,&quot;caption&quot;:&quot;&quot;,&quot;itemprop&quot;:&quot;image&quot;},{&quot;src&quot;:&quot;https:\\\/\\\/feuerwehr.neumarkt-ybbs.at\\\/ff\\\/wp-content\\\/uploads\\\/2023\\\/03\\\/2023_02_283668.jpg&quot;,&quot;id&quot;:&quot;3062&quot;,&quot;title&quot;:&quot;2023_02_283668&quot;,&quot;alt&quot;:&quot;&quot;,&quot;caption&quot;:&quot;&quot;,&quot;itemprop&quot;:&quot;image&quot;},{&quot;src&quot;:&quot;https:\\\/\\\/feuerwehr.neumarkt-ybbs.at\\\/ff\\\/wp-content\\\/uploads\\\/2023\\\/03\\\/2023_02_283670.jpg&quot;,&quot;id&quot;:&quot;3063&quot;,&quot;title&quot;:&quot;2023_02_283670&quot;,&quot;alt&quot;:&quot;&quot;,&quot;caption&quot;:&quot;&quot;,&quot;itemprop&quot;:&quot;image&quot;},{&quot;src&quot;:&quot;https:\\\/\\\/feuerwehr.neumarkt-ybbs.at\\\/ff\\\/wp-content\\\/uploads\\\/2023\\\/03\\\/2023_02_283672.jpg&quot;,&quot;id&quot;:&quot;3064&quot;,&quot;title&quot;:&quot;2023_02_283672&quot;,&quot;alt&quot;:&quot;&quot;,&quot;caption&quot;:&quot;&quot;,&quot;itemprop&quot;:&quot;image&quot;},{&quot;src&quot;:&quot;https:\\\/\\\/feuerwehr.neumarkt-ybbs.at\\\/ff\\\/wp-content\\\/uploads\\\/2023\\\/03\\\/2023_02_283682.jpg&quot;,&quot;id&quot;:&quot;3065&quot;,&quot;title&quot;:&quot;2023_02_283682&quot;,&quot;alt&quot;:&quot;&quot;,&quot;caption&quot;:&quot;&quot;,&quot;itemprop&quot;:&quot;image&quot;},{&quot;src&quot;:&quot;https:\\\/\\\/feuerwehr.neumarkt-ybbs.at\\\/ff\\\/wp-content\\\/uploads\\\/2023\\\/03\\\/2023_02_283684.jpg&quot;,&quot;id&quot;:&quot;3066&quot;,&quot;title&quot;:&quot;2023_02_283684&quot;,&quot;alt&quot;:&quot;&quot;,&quot;caption&quot;:&quot;&quot;,&quot;itemprop&quot;:&quot;image&quot;}]\" itemscope itemtype=\"https:\/\/schema.org\/ImageGallery\"><\/div>\n","protected":false},"excerpt":{"rendered":"<p>Am Dienstag, den 28.02.2023 um 16:34 Uhr, wurde die Feuerwehr Neumarkt zu einem Gro\u00dfbrand nach Bauxberg (Gemeinde Wieselburg-Land) alarmiert. Bei der Ankunft am Einsatzort stand das landwirtschaftliche Objekt bereits im Vollbrand. Daraufhin stellte die Feuerwehr Neumarkt einen Atemschutztrupp, der zur<\/p>\n","protected":false},"author":5,"featured_media":3053,"comment_status":"closed","ping_status":"closed","sticky":false,"template":"","format":"standard","meta":{"jetpack_post_was_ever_published":false,"_jetpack_newsletter_access":"","_jetpack_dont_email_post_to_subs":false,"_jetpack_newsletter_tier_id":0,"_jetpack_memberships_contains_paywalled_content":false,"_jetpack_memberships_contains_paid_content":false,"footnotes":"","jetpack_publicize_message":"","jetpack_publicize_feature_enabled":true,"jetpack_social_post_already_shared":true,"jetpack_social_options":{"image_generator_settings":{"template":"highway","default_image_id":0,"font":"","enabled":false},"version":2}},"categories":[8,3,1],"tags":[],"class_list":["post-3050","post","type-post","status-publish","format-standard","has-post-thumbnail","hentry","category-allgemein","category-einsaetze","category-news"],"yoast_head":"<!-- This site is optimized with the Yoast SEO plugin v27.2 - https:\/\/yoast.com\/product\/yoast-seo-wordpress\/ -->\n<title>B4 - Gro\u00dfbrand in Bauxberg - Feuerwehr Neumarkt\/Ybbs<\/title>\n<meta name=\"robots\" content=\"index, follow, max-snippet:-1, max-image-preview:large, max-video-preview:-1\" \/>\n<link rel=\"canonical\" href=\"https:\/\/feuerwehr.neumarkt-ybbs.at\/ff\/index.php\/2023\/03\/02\/b4-grossbrand-in-bauxberg\/\" \/>\n<meta property=\"og:locale\" content=\"de_DE\" \/>\n<meta property=\"og:type\" content=\"article\" \/>\n<meta property=\"og:title\" content=\"B4 - Gro\u00dfbrand in Bauxberg - Feuerwehr Neumarkt\/Ybbs\" \/>\n<meta property=\"og:description\" content=\"Am Dienstag, den 28.02.2023 um 16:34 Uhr, wurde die Feuerwehr Neumarkt zu einem Gro\u00dfbrand nach Bauxberg (Gemeinde Wieselburg-Land) alarmiert. Bei der Ankunft am Einsatzort stand das landwirtschaftliche Objekt bereits im Vollbrand. Daraufhin stellte die Feuerwehr Neumarkt einen Atemschutztrupp, der zur\" \/>\n<meta property=\"og:url\" content=\"https:\/\/feuerwehr.neumarkt-ybbs.at\/ff\/index.php\/2023\/03\/02\/b4-grossbrand-in-bauxberg\/\" \/>\n<meta property=\"og:site_name\" content=\"Feuerwehr Neumarkt\/Ybbs\" \/>\n<meta property=\"article:publisher\" content=\"https:\/\/www.facebook.com\/ff.neumarkt.ybbs\" \/>\n<meta property=\"article:published_time\" content=\"2023-03-02T21:14:08+00:00\" \/>\n<meta property=\"og:image\" content=\"https:\/\/feuerwehr.neumarkt-ybbs.at\/ff\/wp-content\/uploads\/2023\/03\/2023_02_283624.jpg\" \/>\n\t<meta property=\"og:image:width\" content=\"1536\" \/>\n\t<meta property=\"og:image:height\" content=\"1152\" \/>\n\t<meta property=\"og:image:type\" content=\"image\/jpeg\" \/>\n<meta name=\"author\" content=\"Tobias Haberl\" \/>\n<meta name=\"twitter:card\" content=\"summary_large_image\" \/>\n<meta name=\"twitter:label1\" content=\"Verfasst von\" \/>\n\t<meta name=\"twitter:data1\" content=\"Tobias Haberl\" \/>\n\t<meta name=\"twitter:label2\" content=\"Gesch\u00e4tzte Lesezeit\" \/>\n\t<meta name=\"twitter:data2\" content=\"1\u00a0Minute\" \/>\n<script type=\"application\/ld+json\" class=\"yoast-schema-graph\">{\"@context\":\"https:\/\/schema.org\",\"@graph\":[{\"@type\":\"Article\",\"@id\":\"https:\/\/feuerwehr.neumarkt-ybbs.at\/ff\/index.php\/2023\/03\/02\/b4-grossbrand-in-bauxberg\/#article\",\"isPartOf\":{\"@id\":\"https:\/\/feuerwehr.neumarkt-ybbs.at\/ff\/index.php\/2023\/03\/02\/b4-grossbrand-in-bauxberg\/\"},\"author\":{\"name\":\"Tobias Haberl\",\"@id\":\"https:\/\/feuerwehr.neumarkt-ybbs.at\/ff\/#\/schema\/person\/66c0db62bddbedbe8912f8d33991d0b1\"},\"headline\":\"B4 &#8211; Gro\u00dfbrand in Bauxberg\",\"datePublished\":\"2023-03-02T21:14:08+00:00\",\"mainEntityOfPage\":{\"@id\":\"https:\/\/feuerwehr.neumarkt-ybbs.at\/ff\/index.php\/2023\/03\/02\/b4-grossbrand-in-bauxberg\/\"},\"wordCount\":186,\"image\":{\"@id\":\"https:\/\/feuerwehr.neumarkt-ybbs.at\/ff\/index.php\/2023\/03\/02\/b4-grossbrand-in-bauxberg\/#primaryimage\"},\"thumbnailUrl\":\"https:\/\/feuerwehr.neumarkt-ybbs.at\/ff\/wp-content\/uploads\/2023\/03\/2023_02_283624.jpg\",\"articleSection\":{\"1\":\"Eins\u00e4tze\",\"2\":\"Neuigkeiten\"},\"inLanguage\":\"de\"},{\"@type\":\"WebPage\",\"@id\":\"https:\/\/feuerwehr.neumarkt-ybbs.at\/ff\/index.php\/2023\/03\/02\/b4-grossbrand-in-bauxberg\/\",\"url\":\"https:\/\/feuerwehr.neumarkt-ybbs.at\/ff\/index.php\/2023\/03\/02\/b4-grossbrand-in-bauxberg\/\",\"name\":\"B4 - Gro\u00dfbrand in Bauxberg - Feuerwehr Neumarkt\/Ybbs\",\"isPartOf\":{\"@id\":\"https:\/\/feuerwehr.neumarkt-ybbs.at\/ff\/#website\"},\"primaryImageOfPage\":{\"@id\":\"https:\/\/feuerwehr.neumarkt-ybbs.at\/ff\/index.php\/2023\/03\/02\/b4-grossbrand-in-bauxberg\/#primaryimage\"},\"image\":{\"@id\":\"https:\/\/feuerwehr.neumarkt-ybbs.at\/ff\/index.php\/2023\/03\/02\/b4-grossbrand-in-bauxberg\/#primaryimage\"},\"thumbnailUrl\":\"https:\/\/feuerwehr.neumarkt-ybbs.at\/ff\/wp-content\/uploads\/2023\/03\/2023_02_283624.jpg\",\"datePublished\":\"2023-03-02T21:14:08+00:00\",\"author\":{\"@id\":\"https:\/\/feuerwehr.neumarkt-ybbs.at\/ff\/#\/schema\/person\/66c0db62bddbedbe8912f8d33991d0b1\"},\"breadcrumb\":{\"@id\":\"https:\/\/feuerwehr.neumarkt-ybbs.at\/ff\/index.php\/2023\/03\/02\/b4-grossbrand-in-bauxberg\/#breadcrumb\"},\"inLanguage\":\"de\",\"potentialAction\":[{\"@type\":\"ReadAction\",\"target\":[\"https:\/\/feuerwehr.neumarkt-ybbs.at\/ff\/index.php\/2023\/03\/02\/b4-grossbrand-in-bauxberg\/\"]}]},{\"@type\":\"ImageObject\",\"inLanguage\":\"de\",\"@id\":\"https:\/\/feuerwehr.neumarkt-ybbs.at\/ff\/index.php\/2023\/03\/02\/b4-grossbrand-in-bauxberg\/#primaryimage\",\"url\":\"https:\/\/feuerwehr.neumarkt-ybbs.at\/ff\/wp-content\/uploads\/2023\/03\/2023_02_283624.jpg\",\"contentUrl\":\"https:\/\/feuerwehr.neumarkt-ybbs.at\/ff\/wp-content\/uploads\/2023\/03\/2023_02_283624.jpg\",\"width\":1536,\"height\":1152},{\"@type\":\"BreadcrumbList\",\"@id\":\"https:\/\/feuerwehr.neumarkt-ybbs.at\/ff\/index.php\/2023\/03\/02\/b4-grossbrand-in-bauxberg\/#breadcrumb\",\"itemListElement\":[{\"@type\":\"ListItem\",\"position\":1,\"name\":\"Startseite\",\"item\":\"https:\/\/feuerwehr.neumarkt-ybbs.at\/ff\/\"},{\"@type\":\"ListItem\",\"position\":2,\"name\":\"B4 &#8211; Gro\u00dfbrand in Bauxberg\"}]},{\"@type\":\"WebSite\",\"@id\":\"https:\/\/feuerwehr.neumarkt-ybbs.at\/ff\/#website\",\"url\":\"https:\/\/feuerwehr.neumarkt-ybbs.at\/ff\/\",\"name\":\"Feuerwehr Neumarkt\/Ybbs\",\"description\":\"Retten, Sch\u00fctzen, Bergen und L\u00f6schen\",\"potentialAction\":[{\"@type\":\"SearchAction\",\"target\":{\"@type\":\"EntryPoint\",\"urlTemplate\":\"https:\/\/feuerwehr.neumarkt-ybbs.at\/ff\/?s={search_term_string}\"},\"query-input\":{\"@type\":\"PropertyValueSpecification\",\"valueRequired\":true,\"valueName\":\"search_term_string\"}}],\"inLanguage\":\"de\"},{\"@type\":\"Person\",\"@id\":\"https:\/\/feuerwehr.neumarkt-ybbs.at\/ff\/#\/schema\/person\/66c0db62bddbedbe8912f8d33991d0b1\",\"name\":\"Tobias Haberl\",\"image\":{\"@type\":\"ImageObject\",\"inLanguage\":\"de\",\"@id\":\"https:\/\/secure.gravatar.com\/avatar\/1a85447a327fe37bcdc40a41ced1a38f8e851872c0f036bac33ffb43de1125a1?s=96&d=mm&r=g\",\"url\":\"https:\/\/secure.gravatar.com\/avatar\/1a85447a327fe37bcdc40a41ced1a38f8e851872c0f036bac33ffb43de1125a1?s=96&d=mm&r=g\",\"contentUrl\":\"https:\/\/secure.gravatar.com\/avatar\/1a85447a327fe37bcdc40a41ced1a38f8e851872c0f036bac33ffb43de1125a1?s=96&d=mm&r=g\",\"caption\":\"Tobias Haberl\"},\"url\":\"https:\/\/feuerwehr.neumarkt-ybbs.at\/ff\/index.php\/author\/tobias\/\"}]}<\/script>\n<!-- \/ Yoast SEO plugin. -->","yoast_head_json":{"title":"B4 - Gro\u00dfbrand in Bauxberg - Feuerwehr Neumarkt\/Ybbs","robots":{"index":"index","follow":"follow","max-snippet":"max-snippet:-1","max-image-preview":"max-image-preview:large","max-video-preview":"max-video-preview:-1"},"canonical":"https:\/\/feuerwehr.neumarkt-ybbs.at\/ff\/index.php\/2023\/03\/02\/b4-grossbrand-in-bauxberg\/","og_locale":"de_DE","og_type":"article","og_title":"B4 - Gro\u00dfbrand in Bauxberg - Feuerwehr Neumarkt\/Ybbs","og_description":"Am Dienstag, den 28.02.2023 um 16:34 Uhr, wurde die Feuerwehr Neumarkt zu einem Gro\u00dfbrand nach Bauxberg (Gemeinde Wieselburg-Land) alarmiert. Bei der Ankunft am Einsatzort stand das landwirtschaftliche Objekt bereits im Vollbrand. Daraufhin stellte die Feuerwehr Neumarkt einen Atemschutztrupp, der zur","og_url":"https:\/\/feuerwehr.neumarkt-ybbs.at\/ff\/index.php\/2023\/03\/02\/b4-grossbrand-in-bauxberg\/","og_site_name":"Feuerwehr Neumarkt\/Ybbs","article_publisher":"https:\/\/www.facebook.com\/ff.neumarkt.ybbs","article_published_time":"2023-03-02T21:14:08+00:00","og_image":[{"width":1536,"height":1152,"url":"https:\/\/feuerwehr.neumarkt-ybbs.at\/ff\/wp-content\/uploads\/2023\/03\/2023_02_283624.jpg","type":"image\/jpeg"}],"author":"Tobias Haberl","twitter_card":"summary_large_image","twitter_misc":{"Verfasst von":"Tobias Haberl","Gesch\u00e4tzte Lesezeit":"1\u00a0Minute"},"schema":{"@context":"https:\/\/schema.org","@graph":[{"@type":"Article","@id":"https:\/\/feuerwehr.neumarkt-ybbs.at\/ff\/index.php\/2023\/03\/02\/b4-grossbrand-in-bauxberg\/#article","isPartOf":{"@id":"https:\/\/feuerwehr.neumarkt-ybbs.at\/ff\/index.php\/2023\/03\/02\/b4-grossbrand-in-bauxberg\/"},"author":{"name":"Tobias Haberl","@id":"https:\/\/feuerwehr.neumarkt-ybbs.at\/ff\/#\/schema\/person\/66c0db62bddbedbe8912f8d33991d0b1"},"headline":"B4 &#8211; Gro\u00dfbrand in Bauxberg","datePublished":"2023-03-02T21:14:08+00:00","mainEntityOfPage":{"@id":"https:\/\/feuerwehr.neumarkt-ybbs.at\/ff\/index.php\/2023\/03\/02\/b4-grossbrand-in-bauxberg\/"},"wordCount":186,"image":{"@id":"https:\/\/feuerwehr.neumarkt-ybbs.at\/ff\/index.php\/2023\/03\/02\/b4-grossbrand-in-bauxberg\/#primaryimage"},"thumbnailUrl":"https:\/\/feuerwehr.neumarkt-ybbs.at\/ff\/wp-content\/uploads\/2023\/03\/2023_02_283624.jpg","articleSection":{"1":"Eins\u00e4tze","2":"Neuigkeiten"},"inLanguage":"de"},{"@type":"WebPage","@id":"https:\/\/feuerwehr.neumarkt-ybbs.at\/ff\/index.php\/2023\/03\/02\/b4-grossbrand-in-bauxberg\/","url":"https:\/\/feuerwehr.neumarkt-ybbs.at\/ff\/index.php\/2023\/03\/02\/b4-grossbrand-in-bauxberg\/","name":"B4 - Gro\u00dfbrand in Bauxberg - Feuerwehr Neumarkt\/Ybbs","isPartOf":{"@id":"https:\/\/feuerwehr.neumarkt-ybbs.at\/ff\/#website"},"primaryImageOfPage":{"@id":"https:\/\/feuerwehr.neumarkt-ybbs.at\/ff\/index.php\/2023\/03\/02\/b4-grossbrand-in-bauxberg\/#primaryimage"},"image":{"@id":"https:\/\/feuerwehr.neumarkt-ybbs.at\/ff\/index.php\/2023\/03\/02\/b4-grossbrand-in-bauxberg\/#primaryimage"},"thumbnailUrl":"https:\/\/feuerwehr.neumarkt-ybbs.at\/ff\/wp-content\/uploads\/2023\/03\/2023_02_283624.jpg","datePublished":"2023-03-02T21:14:08+00:00","author":{"@id":"https:\/\/feuerwehr.neumarkt-ybbs.at\/ff\/#\/schema\/person\/66c0db62bddbedbe8912f8d33991d0b1"},"breadcrumb":{"@id":"https:\/\/feuerwehr.neumarkt-ybbs.at\/ff\/index.php\/2023\/03\/02\/b4-grossbrand-in-bauxberg\/#breadcrumb"},"inLanguage":"de","potentialAction":[{"@type":"ReadAction","target":["https:\/\/feuerwehr.neumarkt-ybbs.at\/ff\/index.php\/2023\/03\/02\/b4-grossbrand-in-bauxberg\/"]}]},{"@type":"ImageObject","inLanguage":"de","@id":"https:\/\/feuerwehr.neumarkt-ybbs.at\/ff\/index.php\/2023\/03\/02\/b4-grossbrand-in-bauxberg\/#primaryimage","url":"https:\/\/feuerwehr.neumarkt-ybbs.at\/ff\/wp-content\/uploads\/2023\/03\/2023_02_283624.jpg","contentUrl":"https:\/\/feuerwehr.neumarkt-ybbs.at\/ff\/wp-content\/uploads\/2023\/03\/2023_02_283624.jpg","width":1536,"height":1152},{"@type":"BreadcrumbList","@id":"https:\/\/feuerwehr.neumarkt-ybbs.at\/ff\/index.php\/2023\/03\/02\/b4-grossbrand-in-bauxberg\/#breadcrumb","itemListElement":[{"@type":"ListItem","position":1,"name":"Startseite","item":"https:\/\/feuerwehr.neumarkt-ybbs.at\/ff\/"},{"@type":"ListItem","position":2,"name":"B4 &#8211; Gro\u00dfbrand in Bauxberg"}]},{"@type":"WebSite","@id":"https:\/\/feuerwehr.neumarkt-ybbs.at\/ff\/#website","url":"https:\/\/feuerwehr.neumarkt-ybbs.at\/ff\/","name":"Feuerwehr Neumarkt\/Ybbs","description":"Retten, Sch\u00fctzen, Bergen und L\u00f6schen","potentialAction":[{"@type":"SearchAction","target":{"@type":"EntryPoint","urlTemplate":"https:\/\/feuerwehr.neumarkt-ybbs.at\/ff\/?s={search_term_string}"},"query-input":{"@type":"PropertyValueSpecification","valueRequired":true,"valueName":"search_term_string"}}],"inLanguage":"de"},{"@type":"Person","@id":"https:\/\/feuerwehr.neumarkt-ybbs.at\/ff\/#\/schema\/person\/66c0db62bddbedbe8912f8d33991d0b1","name":"Tobias Haberl","image":{"@type":"ImageObject","inLanguage":"de","@id":"https:\/\/secure.gravatar.com\/avatar\/1a85447a327fe37bcdc40a41ced1a38f8e851872c0f036bac33ffb43de1125a1?s=96&d=mm&r=g","url":"https:\/\/secure.gravatar.com\/avatar\/1a85447a327fe37bcdc40a41ced1a38f8e851872c0f036bac33ffb43de1125a1?s=96&d=mm&r=g","contentUrl":"https:\/\/secure.gravatar.com\/avatar\/1a85447a327fe37bcdc40a41ced1a38f8e851872c0f036bac33ffb43de1125a1?s=96&d=mm&r=g","caption":"Tobias Haberl"},"url":"https:\/\/feuerwehr.neumarkt-ybbs.at\/ff\/index.php\/author\/tobias\/"}]}},"jetpack_publicize_connections":[],"jetpack_featured_media_url":"https:\/\/feuerwehr.neumarkt-ybbs.at\/ff\/wp-content\/uploads\/2023\/03\/2023_02_283624.jpg","jetpack_sharing_enabled":true,"_links":{"self":[{"href":"https:\/\/feuerwehr.neumarkt-ybbs.at\/ff\/index.php\/wp-json\/wp\/v2\/posts\/3050","targetHints":{"allow":["GET"]}}],"collection":[{"href":"https:\/\/feuerwehr.neumarkt-ybbs.at\/ff\/index.php\/wp-json\/wp\/v2\/posts"}],"about":[{"href":"https:\/\/feuerwehr.neumarkt-ybbs.at\/ff\/index.php\/wp-json\/wp\/v2\/types\/post"}],"author":[{"embeddable":true,"href":"https:\/\/feuerwehr.neumarkt-ybbs.at\/ff\/index.php\/wp-json\/wp\/v2\/users\/5"}],"replies":[{"embeddable":true,"href":"https:\/\/feuerwehr.neumarkt-ybbs.at\/ff\/index.php\/wp-json\/wp\/v2\/comments?post=3050"}],"version-history":[{"count":2,"href":"https:\/\/feuerwehr.neumarkt-ybbs.at\/ff\/index.php\/wp-json\/wp\/v2\/posts\/3050\/revisions"}],"predecessor-version":[{"id":3068,"href":"https:\/\/feuerwehr.neumarkt-ybbs.at\/ff\/index.php\/wp-json\/wp\/v2\/posts\/3050\/revisions\/3068"}],"wp:featuredmedia":[{"embeddable":true,"href":"https:\/\/feuerwehr.neumarkt-ybbs.at\/ff\/index.php\/wp-json\/wp\/v2\/media\/3053"}],"wp:attachment":[{"href":"https:\/\/feuerwehr.neumarkt-ybbs.at\/ff\/index.php\/wp-json\/wp\/v2\/media?parent=3050"}],"wp:term":[{"taxonomy":"category","embeddable":true,"href":"https:\/\/feuerwehr.neumarkt-ybbs.at\/ff\/index.php\/wp-json\/wp\/v2\/categories?post=3050"},{"taxonomy":"post_tag","embeddable":true,"href":"https:\/\/feuerwehr.neumarkt-ybbs.at\/ff\/index.php\/wp-json\/wp\/v2\/tags?post=3050"}],"curies":[{"name":"wp","href":"https:\/\/api.w.org\/{rel}","templated":true}]}}