{"id":3028,"date":"2023-02-26T18:44:40","date_gmt":"2023-02-26T17:44:40","guid":{"rendered":"https:\/\/feuerwehr.neumarkt-ybbs.at\/ff\/?p=3028"},"modified":"2023-03-27T16:52:52","modified_gmt":"2023-03-27T14:52:52","slug":"ausbildungspruefung-atemschutz","status":"publish","type":"post","link":"https:\/\/feuerwehr.neumarkt-ybbs.at\/ff\/index.php\/2023\/02\/26\/ausbildungspruefung-atemschutz\/","title":{"rendered":"Ausbildungspr\u00fcfung Atemschutz"},"content":{"rendered":"<p>Heute absolvierten 12 Mitglieder erfolgreich die Ausbildungspr\u00fcfung Atemschutz.<\/p>\n<p>Unsere Kamerad*innen \u00fcben seit Wochen, um ihre F\u00e4higkeiten als Atemschutzger\u00e4tetr\u00e4ger zu verbessern. Aufgeteilt auf drei Trupps, konnten sie heute ihre F\u00e4higkeiten unter Beweis stellen.<br \/>\nSie hatten vier Stationen, innerhalb eines bestimmten Zeitraums zu bew\u00e4ltigen: 1. Ausr\u00fcsten im Fahrzeug (170sek), 2. Personensuche in einem verrauchten Raum (500sek), 3. Brandbek\u00e4mpfung \u00fcber eine Hindernisbahn (300sek) und 4. Ger\u00e4te versorgen (500sek).<\/p>\n<p>All diese Stationen konnten unsere Kamerad*innen mit Erfolg absolvieren.<br \/>\nJedoch gibt es nur einen Gewinner bei dieser Ausbildungspr\u00fcfung- die Bev\u00f6lkerung. Durch das st\u00e4ndige \u00dcben ist eine schnelle und vor allem sichere Arbeitsweise von unseren Florianis garantiert.<\/p>\n<p>Wir gratulieren unseren Teilnehmern<br \/>\nund bedanken uns an das Pr\u00fcferteam!<\/p>\n<p>&nbsp;<\/p>\n<p class=\"jetpack-slideshow-noscript robots-nocontent\">Diese Diashow ben\u00f6tigt JavaScript.<\/p><div id=\"gallery-3028-1-slideshow\" class=\"jetpack-slideshow-window jetpack-slideshow jetpack-slideshow-black\" data-trans=\"fade\" data-autostart=\"1\" data-gallery=\"[{&quot;src&quot;:&quot;https:\\\/\\\/feuerwehr.neumarkt-ybbs.at\\\/ff\\\/wp-content\\\/uploads\\\/2023\\\/02\\\/2023_02_263534.jpg&quot;,&quot;id&quot;:&quot;3029&quot;,&quot;title&quot;:&quot;2023_02_263534&quot;,&quot;alt&quot;:&quot;&quot;,&quot;caption&quot;:&quot;&quot;,&quot;itemprop&quot;:&quot;image&quot;},{&quot;src&quot;:&quot;https:\\\/\\\/feuerwehr.neumarkt-ybbs.at\\\/ff\\\/wp-content\\\/uploads\\\/2023\\\/02\\\/2023_02_263541.jpg&quot;,&quot;id&quot;:&quot;3030&quot;,&quot;title&quot;:&quot;2023_02_263541&quot;,&quot;alt&quot;:&quot;&quot;,&quot;caption&quot;:&quot;&quot;,&quot;itemprop&quot;:&quot;image&quot;},{&quot;src&quot;:&quot;https:\\\/\\\/feuerwehr.neumarkt-ybbs.at\\\/ff\\\/wp-content\\\/uploads\\\/2023\\\/02\\\/2023_02_263556.jpg&quot;,&quot;id&quot;:&quot;3031&quot;,&quot;title&quot;:&quot;2023_02_263556&quot;,&quot;alt&quot;:&quot;&quot;,&quot;caption&quot;:&quot;&quot;,&quot;itemprop&quot;:&quot;image&quot;},{&quot;src&quot;:&quot;https:\\\/\\\/feuerwehr.neumarkt-ybbs.at\\\/ff\\\/wp-content\\\/uploads\\\/2023\\\/02\\\/2023_02_263560.jpg&quot;,&quot;id&quot;:&quot;3032&quot;,&quot;title&quot;:&quot;2023_02_263560&quot;,&quot;alt&quot;:&quot;&quot;,&quot;caption&quot;:&quot;&quot;,&quot;itemprop&quot;:&quot;image&quot;},{&quot;src&quot;:&quot;https:\\\/\\\/feuerwehr.neumarkt-ybbs.at\\\/ff\\\/wp-content\\\/uploads\\\/2023\\\/02\\\/2023_02_263568.jpg&quot;,&quot;id&quot;:&quot;3033&quot;,&quot;title&quot;:&quot;2023_02_263568&quot;,&quot;alt&quot;:&quot;&quot;,&quot;caption&quot;:&quot;&quot;,&quot;itemprop&quot;:&quot;image&quot;},{&quot;src&quot;:&quot;https:\\\/\\\/feuerwehr.neumarkt-ybbs.at\\\/ff\\\/wp-content\\\/uploads\\\/2023\\\/02\\\/2023_02_263574.jpg&quot;,&quot;id&quot;:&quot;3034&quot;,&quot;title&quot;:&quot;2023_02_263574&quot;,&quot;alt&quot;:&quot;&quot;,&quot;caption&quot;:&quot;&quot;,&quot;itemprop&quot;:&quot;image&quot;},{&quot;src&quot;:&quot;https:\\\/\\\/feuerwehr.neumarkt-ybbs.at\\\/ff\\\/wp-content\\\/uploads\\\/2023\\\/02\\\/2023_02_263575.jpg&quot;,&quot;id&quot;:&quot;3035&quot;,&quot;title&quot;:&quot;2023_02_263575&quot;,&quot;alt&quot;:&quot;&quot;,&quot;caption&quot;:&quot;&quot;,&quot;itemprop&quot;:&quot;image&quot;},{&quot;src&quot;:&quot;https:\\\/\\\/feuerwehr.neumarkt-ybbs.at\\\/ff\\\/wp-content\\\/uploads\\\/2023\\\/02\\\/2023_02_263584.jpg&quot;,&quot;id&quot;:&quot;3036&quot;,&quot;title&quot;:&quot;2023_02_263584&quot;,&quot;alt&quot;:&quot;&quot;,&quot;caption&quot;:&quot;&quot;,&quot;itemprop&quot;:&quot;image&quot;},{&quot;src&quot;:&quot;https:\\\/\\\/feuerwehr.neumarkt-ybbs.at\\\/ff\\\/wp-content\\\/uploads\\\/2023\\\/02\\\/2023_02_263585.jpg&quot;,&quot;id&quot;:&quot;3037&quot;,&quot;title&quot;:&quot;2023_02_263585&quot;,&quot;alt&quot;:&quot;&quot;,&quot;caption&quot;:&quot;&quot;,&quot;itemprop&quot;:&quot;image&quot;},{&quot;src&quot;:&quot;https:\\\/\\\/feuerwehr.neumarkt-ybbs.at\\\/ff\\\/wp-content\\\/uploads\\\/2023\\\/02\\\/2023_02_263586.jpg&quot;,&quot;id&quot;:&quot;3038&quot;,&quot;title&quot;:&quot;2023_02_263586&quot;,&quot;alt&quot;:&quot;&quot;,&quot;caption&quot;:&quot;&quot;,&quot;itemprop&quot;:&quot;image&quot;},{&quot;src&quot;:&quot;https:\\\/\\\/feuerwehr.neumarkt-ybbs.at\\\/ff\\\/wp-content\\\/uploads\\\/2023\\\/02\\\/2023_02_263587.jpg&quot;,&quot;id&quot;:&quot;3039&quot;,&quot;title&quot;:&quot;2023_02_263587&quot;,&quot;alt&quot;:&quot;&quot;,&quot;caption&quot;:&quot;&quot;,&quot;itemprop&quot;:&quot;image&quot;},{&quot;src&quot;:&quot;https:\\\/\\\/feuerwehr.neumarkt-ybbs.at\\\/ff\\\/wp-content\\\/uploads\\\/2023\\\/02\\\/2023_02_263588.jpg&quot;,&quot;id&quot;:&quot;3040&quot;,&quot;title&quot;:&quot;2023_02_263588&quot;,&quot;alt&quot;:&quot;&quot;,&quot;caption&quot;:&quot;&quot;,&quot;itemprop&quot;:&quot;image&quot;},{&quot;src&quot;:&quot;https:\\\/\\\/feuerwehr.neumarkt-ybbs.at\\\/ff\\\/wp-content\\\/uploads\\\/2023\\\/02\\\/IMG_6501.jpg&quot;,&quot;id&quot;:&quot;3041&quot;,&quot;title&quot;:&quot;IMG_6501&quot;,&quot;alt&quot;:&quot;&quot;,&quot;caption&quot;:&quot;&quot;,&quot;itemprop&quot;:&quot;image&quot;}]\" itemscope itemtype=\"https:\/\/schema.org\/ImageGallery\"><\/div>\n","protected":false},"excerpt":{"rendered":"<p>Heute absolvierten 12 Mitglieder erfolgreich die Ausbildungspr\u00fcfung Atemschutz. Unsere Kamerad*innen \u00fcben seit Wochen, um ihre F\u00e4higkeiten als Atemschutzger\u00e4tetr\u00e4ger zu verbessern. Aufgeteilt auf drei Trupps, konnten sie heute ihre F\u00e4higkeiten unter Beweis stellen. Sie hatten vier Stationen, innerhalb eines bestimmten Zeitraums<\/p>\n","protected":false},"author":5,"featured_media":3039,"comment_status":"closed","ping_status":"closed","sticky":false,"template":"","format":"standard","meta":{"jetpack_post_was_ever_published":false,"_jetpack_newsletter_access":"","_jetpack_dont_email_post_to_subs":false,"_jetpack_newsletter_tier_id":0,"_jetpack_memberships_contains_paywalled_content":false,"_jetpack_memberships_contains_paid_content":false,"footnotes":"","jetpack_publicize_message":"","jetpack_publicize_feature_enabled":true,"jetpack_social_post_already_shared":true,"jetpack_social_options":{"image_generator_settings":{"template":"highway","default_image_id":0,"font":"","enabled":false},"version":2}},"categories":[8,21,1],"tags":[],"class_list":["post-3028","post","type-post","status-publish","format-standard","has-post-thumbnail","hentry","category-allgemein","category-ausbildung","category-news"],"yoast_head":"<!-- This site is optimized with the Yoast SEO plugin v27.2 - https:\/\/yoast.com\/product\/yoast-seo-wordpress\/ -->\n<title>Ausbildungspr\u00fcfung Atemschutz - Feuerwehr Neumarkt\/Ybbs<\/title>\n<meta name=\"robots\" content=\"index, follow, max-snippet:-1, max-image-preview:large, max-video-preview:-1\" \/>\n<link rel=\"canonical\" href=\"https:\/\/feuerwehr.neumarkt-ybbs.at\/ff\/index.php\/2023\/02\/26\/ausbildungspruefung-atemschutz\/\" \/>\n<meta property=\"og:locale\" content=\"de_DE\" \/>\n<meta property=\"og:type\" content=\"article\" \/>\n<meta property=\"og:title\" content=\"Ausbildungspr\u00fcfung Atemschutz - Feuerwehr Neumarkt\/Ybbs\" \/>\n<meta property=\"og:description\" content=\"Heute absolvierten 12 Mitglieder erfolgreich die Ausbildungspr\u00fcfung Atemschutz. Unsere Kamerad*innen \u00fcben seit Wochen, um ihre F\u00e4higkeiten als Atemschutzger\u00e4tetr\u00e4ger zu verbessern. Aufgeteilt auf drei Trupps, konnten sie heute ihre F\u00e4higkeiten unter Beweis stellen. Sie hatten vier Stationen, innerhalb eines bestimmten Zeitraums\" \/>\n<meta property=\"og:url\" content=\"https:\/\/feuerwehr.neumarkt-ybbs.at\/ff\/index.php\/2023\/02\/26\/ausbildungspruefung-atemschutz\/\" \/>\n<meta property=\"og:site_name\" content=\"Feuerwehr Neumarkt\/Ybbs\" \/>\n<meta property=\"article:publisher\" content=\"https:\/\/www.facebook.com\/ff.neumarkt.ybbs\" \/>\n<meta property=\"article:published_time\" content=\"2023-02-26T17:44:40+00:00\" \/>\n<meta property=\"article:modified_time\" content=\"2023-03-27T14:52:52+00:00\" \/>\n<meta property=\"og:image\" content=\"https:\/\/feuerwehr.neumarkt-ybbs.at\/ff\/wp-content\/uploads\/2023\/02\/2023_02_263587.jpg\" \/>\n\t<meta property=\"og:image:width\" content=\"1728\" \/>\n\t<meta property=\"og:image:height\" content=\"1152\" \/>\n\t<meta property=\"og:image:type\" content=\"image\/jpeg\" \/>\n<meta name=\"author\" content=\"Tobias Haberl\" \/>\n<meta name=\"twitter:card\" content=\"summary_large_image\" \/>\n<meta name=\"twitter:label1\" content=\"Verfasst von\" \/>\n\t<meta name=\"twitter:data1\" content=\"Tobias Haberl\" \/>\n\t<meta name=\"twitter:label2\" content=\"Gesch\u00e4tzte Lesezeit\" \/>\n\t<meta name=\"twitter:data2\" content=\"1\u00a0Minute\" \/>\n<script type=\"application\/ld+json\" class=\"yoast-schema-graph\">{\"@context\":\"https:\/\/schema.org\",\"@graph\":[{\"@type\":\"Article\",\"@id\":\"https:\/\/feuerwehr.neumarkt-ybbs.at\/ff\/index.php\/2023\/02\/26\/ausbildungspruefung-atemschutz\/#article\",\"isPartOf\":{\"@id\":\"https:\/\/feuerwehr.neumarkt-ybbs.at\/ff\/index.php\/2023\/02\/26\/ausbildungspruefung-atemschutz\/\"},\"author\":{\"name\":\"Tobias Haberl\",\"@id\":\"https:\/\/feuerwehr.neumarkt-ybbs.at\/ff\/#\/schema\/person\/66c0db62bddbedbe8912f8d33991d0b1\"},\"headline\":\"Ausbildungspr\u00fcfung Atemschutz\",\"datePublished\":\"2023-02-26T17:44:40+00:00\",\"dateModified\":\"2023-03-27T14:52:52+00:00\",\"mainEntityOfPage\":{\"@id\":\"https:\/\/feuerwehr.neumarkt-ybbs.at\/ff\/index.php\/2023\/02\/26\/ausbildungspruefung-atemschutz\/\"},\"wordCount\":129,\"image\":{\"@id\":\"https:\/\/feuerwehr.neumarkt-ybbs.at\/ff\/index.php\/2023\/02\/26\/ausbildungspruefung-atemschutz\/#primaryimage\"},\"thumbnailUrl\":\"https:\/\/feuerwehr.neumarkt-ybbs.at\/ff\/wp-content\/uploads\/2023\/02\/2023_02_263587.jpg\",\"articleSection\":{\"1\":\"Ausbildung\",\"2\":\"Neuigkeiten\"},\"inLanguage\":\"de\"},{\"@type\":\"WebPage\",\"@id\":\"https:\/\/feuerwehr.neumarkt-ybbs.at\/ff\/index.php\/2023\/02\/26\/ausbildungspruefung-atemschutz\/\",\"url\":\"https:\/\/feuerwehr.neumarkt-ybbs.at\/ff\/index.php\/2023\/02\/26\/ausbildungspruefung-atemschutz\/\",\"name\":\"Ausbildungspr\u00fcfung Atemschutz - Feuerwehr Neumarkt\/Ybbs\",\"isPartOf\":{\"@id\":\"https:\/\/feuerwehr.neumarkt-ybbs.at\/ff\/#website\"},\"primaryImageOfPage\":{\"@id\":\"https:\/\/feuerwehr.neumarkt-ybbs.at\/ff\/index.php\/2023\/02\/26\/ausbildungspruefung-atemschutz\/#primaryimage\"},\"image\":{\"@id\":\"https:\/\/feuerwehr.neumarkt-ybbs.at\/ff\/index.php\/2023\/02\/26\/ausbildungspruefung-atemschutz\/#primaryimage\"},\"thumbnailUrl\":\"https:\/\/feuerwehr.neumarkt-ybbs.at\/ff\/wp-content\/uploads\/2023\/02\/2023_02_263587.jpg\",\"datePublished\":\"2023-02-26T17:44:40+00:00\",\"dateModified\":\"2023-03-27T14:52:52+00:00\",\"author\":{\"@id\":\"https:\/\/feuerwehr.neumarkt-ybbs.at\/ff\/#\/schema\/person\/66c0db62bddbedbe8912f8d33991d0b1\"},\"breadcrumb\":{\"@id\":\"https:\/\/feuerwehr.neumarkt-ybbs.at\/ff\/index.php\/2023\/02\/26\/ausbildungspruefung-atemschutz\/#breadcrumb\"},\"inLanguage\":\"de\",\"potentialAction\":[{\"@type\":\"ReadAction\",\"target\":[\"https:\/\/feuerwehr.neumarkt-ybbs.at\/ff\/index.php\/2023\/02\/26\/ausbildungspruefung-atemschutz\/\"]}]},{\"@type\":\"ImageObject\",\"inLanguage\":\"de\",\"@id\":\"https:\/\/feuerwehr.neumarkt-ybbs.at\/ff\/index.php\/2023\/02\/26\/ausbildungspruefung-atemschutz\/#primaryimage\",\"url\":\"https:\/\/feuerwehr.neumarkt-ybbs.at\/ff\/wp-content\/uploads\/2023\/02\/2023_02_263587.jpg\",\"contentUrl\":\"https:\/\/feuerwehr.neumarkt-ybbs.at\/ff\/wp-content\/uploads\/2023\/02\/2023_02_263587.jpg\",\"width\":1728,\"height\":1152},{\"@type\":\"BreadcrumbList\",\"@id\":\"https:\/\/feuerwehr.neumarkt-ybbs.at\/ff\/index.php\/2023\/02\/26\/ausbildungspruefung-atemschutz\/#breadcrumb\",\"itemListElement\":[{\"@type\":\"ListItem\",\"position\":1,\"name\":\"Startseite\",\"item\":\"https:\/\/feuerwehr.neumarkt-ybbs.at\/ff\/\"},{\"@type\":\"ListItem\",\"position\":2,\"name\":\"Ausbildungspr\u00fcfung Atemschutz\"}]},{\"@type\":\"WebSite\",\"@id\":\"https:\/\/feuerwehr.neumarkt-ybbs.at\/ff\/#website\",\"url\":\"https:\/\/feuerwehr.neumarkt-ybbs.at\/ff\/\",\"name\":\"Feuerwehr Neumarkt\/Ybbs\",\"description\":\"Retten, Sch\u00fctzen, Bergen und L\u00f6schen\",\"potentialAction\":[{\"@type\":\"SearchAction\",\"target\":{\"@type\":\"EntryPoint\",\"urlTemplate\":\"https:\/\/feuerwehr.neumarkt-ybbs.at\/ff\/?s={search_term_string}\"},\"query-input\":{\"@type\":\"PropertyValueSpecification\",\"valueRequired\":true,\"valueName\":\"search_term_string\"}}],\"inLanguage\":\"de\"},{\"@type\":\"Person\",\"@id\":\"https:\/\/feuerwehr.neumarkt-ybbs.at\/ff\/#\/schema\/person\/66c0db62bddbedbe8912f8d33991d0b1\",\"name\":\"Tobias Haberl\",\"image\":{\"@type\":\"ImageObject\",\"inLanguage\":\"de\",\"@id\":\"https:\/\/secure.gravatar.com\/avatar\/1a85447a327fe37bcdc40a41ced1a38f8e851872c0f036bac33ffb43de1125a1?s=96&d=mm&r=g\",\"url\":\"https:\/\/secure.gravatar.com\/avatar\/1a85447a327fe37bcdc40a41ced1a38f8e851872c0f036bac33ffb43de1125a1?s=96&d=mm&r=g\",\"contentUrl\":\"https:\/\/secure.gravatar.com\/avatar\/1a85447a327fe37bcdc40a41ced1a38f8e851872c0f036bac33ffb43de1125a1?s=96&d=mm&r=g\",\"caption\":\"Tobias Haberl\"},\"url\":\"https:\/\/feuerwehr.neumarkt-ybbs.at\/ff\/index.php\/author\/tobias\/\"}]}<\/script>\n<!-- \/ Yoast SEO plugin. -->","yoast_head_json":{"title":"Ausbildungspr\u00fcfung Atemschutz - Feuerwehr Neumarkt\/Ybbs","robots":{"index":"index","follow":"follow","max-snippet":"max-snippet:-1","max-image-preview":"max-image-preview:large","max-video-preview":"max-video-preview:-1"},"canonical":"https:\/\/feuerwehr.neumarkt-ybbs.at\/ff\/index.php\/2023\/02\/26\/ausbildungspruefung-atemschutz\/","og_locale":"de_DE","og_type":"article","og_title":"Ausbildungspr\u00fcfung Atemschutz - Feuerwehr Neumarkt\/Ybbs","og_description":"Heute absolvierten 12 Mitglieder erfolgreich die Ausbildungspr\u00fcfung Atemschutz. Unsere Kamerad*innen \u00fcben seit Wochen, um ihre F\u00e4higkeiten als Atemschutzger\u00e4tetr\u00e4ger zu verbessern. Aufgeteilt auf drei Trupps, konnten sie heute ihre F\u00e4higkeiten unter Beweis stellen. Sie hatten vier Stationen, innerhalb eines bestimmten Zeitraums","og_url":"https:\/\/feuerwehr.neumarkt-ybbs.at\/ff\/index.php\/2023\/02\/26\/ausbildungspruefung-atemschutz\/","og_site_name":"Feuerwehr Neumarkt\/Ybbs","article_publisher":"https:\/\/www.facebook.com\/ff.neumarkt.ybbs","article_published_time":"2023-02-26T17:44:40+00:00","article_modified_time":"2023-03-27T14:52:52+00:00","og_image":[{"width":1728,"height":1152,"url":"https:\/\/feuerwehr.neumarkt-ybbs.at\/ff\/wp-content\/uploads\/2023\/02\/2023_02_263587.jpg","type":"image\/jpeg"}],"author":"Tobias Haberl","twitter_card":"summary_large_image","twitter_misc":{"Verfasst von":"Tobias Haberl","Gesch\u00e4tzte Lesezeit":"1\u00a0Minute"},"schema":{"@context":"https:\/\/schema.org","@graph":[{"@type":"Article","@id":"https:\/\/feuerwehr.neumarkt-ybbs.at\/ff\/index.php\/2023\/02\/26\/ausbildungspruefung-atemschutz\/#article","isPartOf":{"@id":"https:\/\/feuerwehr.neumarkt-ybbs.at\/ff\/index.php\/2023\/02\/26\/ausbildungspruefung-atemschutz\/"},"author":{"name":"Tobias Haberl","@id":"https:\/\/feuerwehr.neumarkt-ybbs.at\/ff\/#\/schema\/person\/66c0db62bddbedbe8912f8d33991d0b1"},"headline":"Ausbildungspr\u00fcfung Atemschutz","datePublished":"2023-02-26T17:44:40+00:00","dateModified":"2023-03-27T14:52:52+00:00","mainEntityOfPage":{"@id":"https:\/\/feuerwehr.neumarkt-ybbs.at\/ff\/index.php\/2023\/02\/26\/ausbildungspruefung-atemschutz\/"},"wordCount":129,"image":{"@id":"https:\/\/feuerwehr.neumarkt-ybbs.at\/ff\/index.php\/2023\/02\/26\/ausbildungspruefung-atemschutz\/#primaryimage"},"thumbnailUrl":"https:\/\/feuerwehr.neumarkt-ybbs.at\/ff\/wp-content\/uploads\/2023\/02\/2023_02_263587.jpg","articleSection":{"1":"Ausbildung","2":"Neuigkeiten"},"inLanguage":"de"},{"@type":"WebPage","@id":"https:\/\/feuerwehr.neumarkt-ybbs.at\/ff\/index.php\/2023\/02\/26\/ausbildungspruefung-atemschutz\/","url":"https:\/\/feuerwehr.neumarkt-ybbs.at\/ff\/index.php\/2023\/02\/26\/ausbildungspruefung-atemschutz\/","name":"Ausbildungspr\u00fcfung Atemschutz - Feuerwehr Neumarkt\/Ybbs","isPartOf":{"@id":"https:\/\/feuerwehr.neumarkt-ybbs.at\/ff\/#website"},"primaryImageOfPage":{"@id":"https:\/\/feuerwehr.neumarkt-ybbs.at\/ff\/index.php\/2023\/02\/26\/ausbildungspruefung-atemschutz\/#primaryimage"},"image":{"@id":"https:\/\/feuerwehr.neumarkt-ybbs.at\/ff\/index.php\/2023\/02\/26\/ausbildungspruefung-atemschutz\/#primaryimage"},"thumbnailUrl":"https:\/\/feuerwehr.neumarkt-ybbs.at\/ff\/wp-content\/uploads\/2023\/02\/2023_02_263587.jpg","datePublished":"2023-02-26T17:44:40+00:00","dateModified":"2023-03-27T14:52:52+00:00","author":{"@id":"https:\/\/feuerwehr.neumarkt-ybbs.at\/ff\/#\/schema\/person\/66c0db62bddbedbe8912f8d33991d0b1"},"breadcrumb":{"@id":"https:\/\/feuerwehr.neumarkt-ybbs.at\/ff\/index.php\/2023\/02\/26\/ausbildungspruefung-atemschutz\/#breadcrumb"},"inLanguage":"de","potentialAction":[{"@type":"ReadAction","target":["https:\/\/feuerwehr.neumarkt-ybbs.at\/ff\/index.php\/2023\/02\/26\/ausbildungspruefung-atemschutz\/"]}]},{"@type":"ImageObject","inLanguage":"de","@id":"https:\/\/feuerwehr.neumarkt-ybbs.at\/ff\/index.php\/2023\/02\/26\/ausbildungspruefung-atemschutz\/#primaryimage","url":"https:\/\/feuerwehr.neumarkt-ybbs.at\/ff\/wp-content\/uploads\/2023\/02\/2023_02_263587.jpg","contentUrl":"https:\/\/feuerwehr.neumarkt-ybbs.at\/ff\/wp-content\/uploads\/2023\/02\/2023_02_263587.jpg","width":1728,"height":1152},{"@type":"BreadcrumbList","@id":"https:\/\/feuerwehr.neumarkt-ybbs.at\/ff\/index.php\/2023\/02\/26\/ausbildungspruefung-atemschutz\/#breadcrumb","itemListElement":[{"@type":"ListItem","position":1,"name":"Startseite","item":"https:\/\/feuerwehr.neumarkt-ybbs.at\/ff\/"},{"@type":"ListItem","position":2,"name":"Ausbildungspr\u00fcfung Atemschutz"}]},{"@type":"WebSite","@id":"https:\/\/feuerwehr.neumarkt-ybbs.at\/ff\/#website","url":"https:\/\/feuerwehr.neumarkt-ybbs.at\/ff\/","name":"Feuerwehr Neumarkt\/Ybbs","description":"Retten, Sch\u00fctzen, Bergen und L\u00f6schen","potentialAction":[{"@type":"SearchAction","target":{"@type":"EntryPoint","urlTemplate":"https:\/\/feuerwehr.neumarkt-ybbs.at\/ff\/?s={search_term_string}"},"query-input":{"@type":"PropertyValueSpecification","valueRequired":true,"valueName":"search_term_string"}}],"inLanguage":"de"},{"@type":"Person","@id":"https:\/\/feuerwehr.neumarkt-ybbs.at\/ff\/#\/schema\/person\/66c0db62bddbedbe8912f8d33991d0b1","name":"Tobias Haberl","image":{"@type":"ImageObject","inLanguage":"de","@id":"https:\/\/secure.gravatar.com\/avatar\/1a85447a327fe37bcdc40a41ced1a38f8e851872c0f036bac33ffb43de1125a1?s=96&d=mm&r=g","url":"https:\/\/secure.gravatar.com\/avatar\/1a85447a327fe37bcdc40a41ced1a38f8e851872c0f036bac33ffb43de1125a1?s=96&d=mm&r=g","contentUrl":"https:\/\/secure.gravatar.com\/avatar\/1a85447a327fe37bcdc40a41ced1a38f8e851872c0f036bac33ffb43de1125a1?s=96&d=mm&r=g","caption":"Tobias Haberl"},"url":"https:\/\/feuerwehr.neumarkt-ybbs.at\/ff\/index.php\/author\/tobias\/"}]}},"jetpack_publicize_connections":[],"jetpack_featured_media_url":"https:\/\/feuerwehr.neumarkt-ybbs.at\/ff\/wp-content\/uploads\/2023\/02\/2023_02_263587.jpg","jetpack_sharing_enabled":true,"_links":{"self":[{"href":"https:\/\/feuerwehr.neumarkt-ybbs.at\/ff\/index.php\/wp-json\/wp\/v2\/posts\/3028","targetHints":{"allow":["GET"]}}],"collection":[{"href":"https:\/\/feuerwehr.neumarkt-ybbs.at\/ff\/index.php\/wp-json\/wp\/v2\/posts"}],"about":[{"href":"https:\/\/feuerwehr.neumarkt-ybbs.at\/ff\/index.php\/wp-json\/wp\/v2\/types\/post"}],"author":[{"embeddable":true,"href":"https:\/\/feuerwehr.neumarkt-ybbs.at\/ff\/index.php\/wp-json\/wp\/v2\/users\/5"}],"replies":[{"embeddable":true,"href":"https:\/\/feuerwehr.neumarkt-ybbs.at\/ff\/index.php\/wp-json\/wp\/v2\/comments?post=3028"}],"version-history":[{"count":1,"href":"https:\/\/feuerwehr.neumarkt-ybbs.at\/ff\/index.php\/wp-json\/wp\/v2\/posts\/3028\/revisions"}],"predecessor-version":[{"id":3042,"href":"https:\/\/feuerwehr.neumarkt-ybbs.at\/ff\/index.php\/wp-json\/wp\/v2\/posts\/3028\/revisions\/3042"}],"wp:featuredmedia":[{"embeddable":true,"href":"https:\/\/feuerwehr.neumarkt-ybbs.at\/ff\/index.php\/wp-json\/wp\/v2\/media\/3039"}],"wp:attachment":[{"href":"https:\/\/feuerwehr.neumarkt-ybbs.at\/ff\/index.php\/wp-json\/wp\/v2\/media?parent=3028"}],"wp:term":[{"taxonomy":"category","embeddable":true,"href":"https:\/\/feuerwehr.neumarkt-ybbs.at\/ff\/index.php\/wp-json\/wp\/v2\/categories?post=3028"},{"taxonomy":"post_tag","embeddable":true,"href":"https:\/\/feuerwehr.neumarkt-ybbs.at\/ff\/index.php\/wp-json\/wp\/v2\/tags?post=3028"}],"curies":[{"name":"wp","href":"https:\/\/api.w.org\/{rel}","templated":true}]}}