{"id":2454,"date":"2021-01-08T07:00:05","date_gmt":"2021-01-08T06:00:05","guid":{"rendered":"https:\/\/feuerwehr.neumarkt-ybbs.at\/ff\/?p=2454"},"modified":"2021-01-08T00:08:03","modified_gmt":"2021-01-07T23:08:03","slug":"personensuche-in-kemmelbach","status":"publish","type":"post","link":"https:\/\/feuerwehr.neumarkt-ybbs.at\/ff\/index.php\/2021\/01\/08\/personensuche-in-kemmelbach\/","title":{"rendered":"Personensuche in Kemmelbach"},"content":{"rendered":"<p>Am 07.01.2021 wurde die Feuerwehr Neumarkt um 17:23 zu einer Personensuche in Kemmelbach alarmiert.<\/p>\n<p>Bei den Werkst\u00e4tten der Lebenshilfe Kemmelbach ist eine Person abg\u00e4ngig, lt. Angaben zuletzt in Neusarling gesichtet, wir unterst\u00fctzten die FF-Kemmelbach bei der Einsatzleitung und stellten hierf\u00fcr unser HLF1 mit Personal bereit, die restlichen Kr\u00e4fte der Feuerwehren Neumarkt, Kemmelbach, Sarling, Rettung und Polizei mit Hubschrauber und Hundestaffel f\u00fchrten systematisch die Personensuche im Gebiet in und um Neusarling durch.<\/p>\n<p>Durch einen Hinweis konnte die Person gegen 19:30 in der N\u00e4he seines Wohnortes aufgefunden werden, Gesund und Wohlauf!<\/p>\n<p>Es waren Gesamt 45 Einsatzkr\u00e4fte im Einsatz!<\/p>\n<p class=\"jetpack-slideshow-noscript robots-nocontent\">Diese Diashow ben\u00f6tigt JavaScript.<\/p><div id=\"gallery-2454-1-slideshow\" class=\"jetpack-slideshow-window jetpack-slideshow jetpack-slideshow-black\" data-trans=\"fade\" data-autostart=\"1\" data-gallery=\"[{&quot;src&quot;:&quot;https:\\\/\\\/feuerwehr.neumarkt-ybbs.at\\\/ff\\\/wp-content\\\/uploads\\\/2021\\\/01\\\/IMG_20210107_182453-scaled.jpg&quot;,&quot;id&quot;:&quot;2455&quot;,&quot;title&quot;:&quot;IMG_20210107_182453&quot;,&quot;alt&quot;:&quot;&quot;,&quot;caption&quot;:&quot;&quot;,&quot;itemprop&quot;:&quot;image&quot;},{&quot;src&quot;:&quot;https:\\\/\\\/feuerwehr.neumarkt-ybbs.at\\\/ff\\\/wp-content\\\/uploads\\\/2021\\\/01\\\/IMG_20210107_182502-scaled.jpg&quot;,&quot;id&quot;:&quot;2456&quot;,&quot;title&quot;:&quot;IMG_20210107_182502&quot;,&quot;alt&quot;:&quot;&quot;,&quot;caption&quot;:&quot;&quot;,&quot;itemprop&quot;:&quot;image&quot;},{&quot;src&quot;:&quot;https:\\\/\\\/feuerwehr.neumarkt-ybbs.at\\\/ff\\\/wp-content\\\/uploads\\\/2021\\\/01\\\/IMG-20210107-WA0005.jpg&quot;,&quot;id&quot;:&quot;2457&quot;,&quot;title&quot;:&quot;IMG-20210107-WA0005&quot;,&quot;alt&quot;:&quot;&quot;,&quot;caption&quot;:&quot;&quot;,&quot;itemprop&quot;:&quot;image&quot;},{&quot;src&quot;:&quot;https:\\\/\\\/feuerwehr.neumarkt-ybbs.at\\\/ff\\\/wp-content\\\/uploads\\\/2021\\\/01\\\/IMG-20210107-WA0007.jpg&quot;,&quot;id&quot;:&quot;2458&quot;,&quot;title&quot;:&quot;IMG-20210107-WA0007&quot;,&quot;alt&quot;:&quot;&quot;,&quot;caption&quot;:&quot;&quot;,&quot;itemprop&quot;:&quot;image&quot;},{&quot;src&quot;:&quot;https:\\\/\\\/feuerwehr.neumarkt-ybbs.at\\\/ff\\\/wp-content\\\/uploads\\\/2021\\\/01\\\/IMG-20210107-WA0009.jpg&quot;,&quot;id&quot;:&quot;2459&quot;,&quot;title&quot;:&quot;IMG-20210107-WA0009&quot;,&quot;alt&quot;:&quot;&quot;,&quot;caption&quot;:&quot;&quot;,&quot;itemprop&quot;:&quot;image&quot;}]\" itemscope itemtype=\"https:\/\/schema.org\/ImageGallery\"><\/div>\n","protected":false},"excerpt":{"rendered":"<p>Am 07.01.2021 wurde die Feuerwehr Neumarkt um 17:23 zu einer Personensuche in Kemmelbach alarmiert. Bei den Werkst\u00e4tten der Lebenshilfe Kemmelbach ist eine Person abg\u00e4ngig, lt. Angaben zuletzt in Neusarling gesichtet, wir unterst\u00fctzten die FF-Kemmelbach bei der Einsatzleitung und stellten hierf\u00fcr<\/p>\n","protected":false},"author":2,"featured_media":2456,"comment_status":"closed","ping_status":"closed","sticky":false,"template":"","format":"standard","meta":{"jetpack_post_was_ever_published":false,"_jetpack_newsletter_access":"","_jetpack_dont_email_post_to_subs":false,"_jetpack_newsletter_tier_id":0,"_jetpack_memberships_contains_paywalled_content":false,"_jetpack_memberships_contains_paid_content":false,"footnotes":"","jetpack_publicize_message":"","jetpack_publicize_feature_enabled":true,"jetpack_social_post_already_shared":true,"jetpack_social_options":{"image_generator_settings":{"template":"highway","default_image_id":0,"font":"","enabled":false},"version":2}},"categories":[8,3,1],"tags":[],"class_list":["post-2454","post","type-post","status-publish","format-standard","has-post-thumbnail","hentry","category-allgemein","category-einsaetze","category-news"],"yoast_head":"<!-- This site is optimized with the Yoast SEO plugin v27.2 - https:\/\/yoast.com\/product\/yoast-seo-wordpress\/ -->\n<title>Personensuche in Kemmelbach - Feuerwehr Neumarkt\/Ybbs<\/title>\n<meta name=\"robots\" content=\"index, follow, max-snippet:-1, max-image-preview:large, max-video-preview:-1\" \/>\n<link rel=\"canonical\" href=\"https:\/\/feuerwehr.neumarkt-ybbs.at\/ff\/index.php\/2021\/01\/08\/personensuche-in-kemmelbach\/\" \/>\n<meta property=\"og:locale\" content=\"de_DE\" \/>\n<meta property=\"og:type\" content=\"article\" \/>\n<meta property=\"og:title\" content=\"Personensuche in Kemmelbach - Feuerwehr Neumarkt\/Ybbs\" \/>\n<meta property=\"og:description\" content=\"Am 07.01.2021 wurde die Feuerwehr Neumarkt um 17:23 zu einer Personensuche in Kemmelbach alarmiert. Bei den Werkst\u00e4tten der Lebenshilfe Kemmelbach ist eine Person abg\u00e4ngig, lt. Angaben zuletzt in Neusarling gesichtet, wir unterst\u00fctzten die FF-Kemmelbach bei der Einsatzleitung und stellten hierf\u00fcr\" \/>\n<meta property=\"og:url\" content=\"https:\/\/feuerwehr.neumarkt-ybbs.at\/ff\/index.php\/2021\/01\/08\/personensuche-in-kemmelbach\/\" \/>\n<meta property=\"og:site_name\" content=\"Feuerwehr Neumarkt\/Ybbs\" \/>\n<meta property=\"article:publisher\" content=\"https:\/\/www.facebook.com\/ff.neumarkt.ybbs\" \/>\n<meta property=\"article:published_time\" content=\"2021-01-08T06:00:05+00:00\" \/>\n<meta property=\"og:image\" content=\"https:\/\/feuerwehr.neumarkt-ybbs.at\/ff\/wp-content\/uploads\/2021\/01\/IMG_20210107_182502-scaled.jpg\" \/>\n\t<meta property=\"og:image:width\" content=\"2560\" \/>\n\t<meta property=\"og:image:height\" content=\"1167\" \/>\n\t<meta property=\"og:image:type\" content=\"image\/jpeg\" \/>\n<meta name=\"author\" content=\"Florian Oberleithner\" \/>\n<meta name=\"twitter:card\" content=\"summary_large_image\" \/>\n<meta name=\"twitter:label1\" content=\"Verfasst von\" \/>\n\t<meta name=\"twitter:data1\" content=\"Florian Oberleithner\" \/>\n\t<meta name=\"twitter:label2\" content=\"Gesch\u00e4tzte Lesezeit\" \/>\n\t<meta name=\"twitter:data2\" content=\"1\u00a0Minute\" \/>\n<script type=\"application\/ld+json\" class=\"yoast-schema-graph\">{\"@context\":\"https:\/\/schema.org\",\"@graph\":[{\"@type\":\"Article\",\"@id\":\"https:\/\/feuerwehr.neumarkt-ybbs.at\/ff\/index.php\/2021\/01\/08\/personensuche-in-kemmelbach\/#article\",\"isPartOf\":{\"@id\":\"https:\/\/feuerwehr.neumarkt-ybbs.at\/ff\/index.php\/2021\/01\/08\/personensuche-in-kemmelbach\/\"},\"author\":{\"name\":\"Florian Oberleithner\",\"@id\":\"https:\/\/feuerwehr.neumarkt-ybbs.at\/ff\/#\/schema\/person\/4ba157a05907e39ce4de94f81be09b55\"},\"headline\":\"Personensuche in Kemmelbach\",\"datePublished\":\"2021-01-08T06:00:05+00:00\",\"mainEntityOfPage\":{\"@id\":\"https:\/\/feuerwehr.neumarkt-ybbs.at\/ff\/index.php\/2021\/01\/08\/personensuche-in-kemmelbach\/\"},\"wordCount\":107,\"image\":{\"@id\":\"https:\/\/feuerwehr.neumarkt-ybbs.at\/ff\/index.php\/2021\/01\/08\/personensuche-in-kemmelbach\/#primaryimage\"},\"thumbnailUrl\":\"https:\/\/feuerwehr.neumarkt-ybbs.at\/ff\/wp-content\/uploads\/2021\/01\/IMG_20210107_182502-scaled.jpg\",\"articleSection\":{\"1\":\"Eins\u00e4tze\",\"2\":\"Neuigkeiten\"},\"inLanguage\":\"de\"},{\"@type\":\"WebPage\",\"@id\":\"https:\/\/feuerwehr.neumarkt-ybbs.at\/ff\/index.php\/2021\/01\/08\/personensuche-in-kemmelbach\/\",\"url\":\"https:\/\/feuerwehr.neumarkt-ybbs.at\/ff\/index.php\/2021\/01\/08\/personensuche-in-kemmelbach\/\",\"name\":\"Personensuche in Kemmelbach - Feuerwehr Neumarkt\/Ybbs\",\"isPartOf\":{\"@id\":\"https:\/\/feuerwehr.neumarkt-ybbs.at\/ff\/#website\"},\"primaryImageOfPage\":{\"@id\":\"https:\/\/feuerwehr.neumarkt-ybbs.at\/ff\/index.php\/2021\/01\/08\/personensuche-in-kemmelbach\/#primaryimage\"},\"image\":{\"@id\":\"https:\/\/feuerwehr.neumarkt-ybbs.at\/ff\/index.php\/2021\/01\/08\/personensuche-in-kemmelbach\/#primaryimage\"},\"thumbnailUrl\":\"https:\/\/feuerwehr.neumarkt-ybbs.at\/ff\/wp-content\/uploads\/2021\/01\/IMG_20210107_182502-scaled.jpg\",\"datePublished\":\"2021-01-08T06:00:05+00:00\",\"author\":{\"@id\":\"https:\/\/feuerwehr.neumarkt-ybbs.at\/ff\/#\/schema\/person\/4ba157a05907e39ce4de94f81be09b55\"},\"breadcrumb\":{\"@id\":\"https:\/\/feuerwehr.neumarkt-ybbs.at\/ff\/index.php\/2021\/01\/08\/personensuche-in-kemmelbach\/#breadcrumb\"},\"inLanguage\":\"de\",\"potentialAction\":[{\"@type\":\"ReadAction\",\"target\":[\"https:\/\/feuerwehr.neumarkt-ybbs.at\/ff\/index.php\/2021\/01\/08\/personensuche-in-kemmelbach\/\"]}]},{\"@type\":\"ImageObject\",\"inLanguage\":\"de\",\"@id\":\"https:\/\/feuerwehr.neumarkt-ybbs.at\/ff\/index.php\/2021\/01\/08\/personensuche-in-kemmelbach\/#primaryimage\",\"url\":\"https:\/\/feuerwehr.neumarkt-ybbs.at\/ff\/wp-content\/uploads\/2021\/01\/IMG_20210107_182502-scaled.jpg\",\"contentUrl\":\"https:\/\/feuerwehr.neumarkt-ybbs.at\/ff\/wp-content\/uploads\/2021\/01\/IMG_20210107_182502-scaled.jpg\",\"width\":2560,\"height\":1167},{\"@type\":\"BreadcrumbList\",\"@id\":\"https:\/\/feuerwehr.neumarkt-ybbs.at\/ff\/index.php\/2021\/01\/08\/personensuche-in-kemmelbach\/#breadcrumb\",\"itemListElement\":[{\"@type\":\"ListItem\",\"position\":1,\"name\":\"Startseite\",\"item\":\"https:\/\/feuerwehr.neumarkt-ybbs.at\/ff\/\"},{\"@type\":\"ListItem\",\"position\":2,\"name\":\"Personensuche in Kemmelbach\"}]},{\"@type\":\"WebSite\",\"@id\":\"https:\/\/feuerwehr.neumarkt-ybbs.at\/ff\/#website\",\"url\":\"https:\/\/feuerwehr.neumarkt-ybbs.at\/ff\/\",\"name\":\"Feuerwehr Neumarkt\/Ybbs\",\"description\":\"Retten, Sch\u00fctzen, Bergen und L\u00f6schen\",\"potentialAction\":[{\"@type\":\"SearchAction\",\"target\":{\"@type\":\"EntryPoint\",\"urlTemplate\":\"https:\/\/feuerwehr.neumarkt-ybbs.at\/ff\/?s={search_term_string}\"},\"query-input\":{\"@type\":\"PropertyValueSpecification\",\"valueRequired\":true,\"valueName\":\"search_term_string\"}}],\"inLanguage\":\"de\"},{\"@type\":\"Person\",\"@id\":\"https:\/\/feuerwehr.neumarkt-ybbs.at\/ff\/#\/schema\/person\/4ba157a05907e39ce4de94f81be09b55\",\"name\":\"Florian Oberleithner\",\"image\":{\"@type\":\"ImageObject\",\"inLanguage\":\"de\",\"@id\":\"https:\/\/secure.gravatar.com\/avatar\/bb83e13cb87b5cf77671cabb069f47c2d2fbc785363ed10b8b6aa5a8f74fb9be?s=96&d=mm&r=g\",\"url\":\"https:\/\/secure.gravatar.com\/avatar\/bb83e13cb87b5cf77671cabb069f47c2d2fbc785363ed10b8b6aa5a8f74fb9be?s=96&d=mm&r=g\",\"contentUrl\":\"https:\/\/secure.gravatar.com\/avatar\/bb83e13cb87b5cf77671cabb069f47c2d2fbc785363ed10b8b6aa5a8f74fb9be?s=96&d=mm&r=g\",\"caption\":\"Florian Oberleithner\"},\"url\":\"https:\/\/feuerwehr.neumarkt-ybbs.at\/ff\/index.php\/author\/flo\/\"}]}<\/script>\n<!-- \/ Yoast SEO plugin. -->","yoast_head_json":{"title":"Personensuche in Kemmelbach - Feuerwehr Neumarkt\/Ybbs","robots":{"index":"index","follow":"follow","max-snippet":"max-snippet:-1","max-image-preview":"max-image-preview:large","max-video-preview":"max-video-preview:-1"},"canonical":"https:\/\/feuerwehr.neumarkt-ybbs.at\/ff\/index.php\/2021\/01\/08\/personensuche-in-kemmelbach\/","og_locale":"de_DE","og_type":"article","og_title":"Personensuche in Kemmelbach - Feuerwehr Neumarkt\/Ybbs","og_description":"Am 07.01.2021 wurde die Feuerwehr Neumarkt um 17:23 zu einer Personensuche in Kemmelbach alarmiert. Bei den Werkst\u00e4tten der Lebenshilfe Kemmelbach ist eine Person abg\u00e4ngig, lt. Angaben zuletzt in Neusarling gesichtet, wir unterst\u00fctzten die FF-Kemmelbach bei der Einsatzleitung und stellten hierf\u00fcr","og_url":"https:\/\/feuerwehr.neumarkt-ybbs.at\/ff\/index.php\/2021\/01\/08\/personensuche-in-kemmelbach\/","og_site_name":"Feuerwehr Neumarkt\/Ybbs","article_publisher":"https:\/\/www.facebook.com\/ff.neumarkt.ybbs","article_published_time":"2021-01-08T06:00:05+00:00","og_image":[{"width":2560,"height":1167,"url":"https:\/\/feuerwehr.neumarkt-ybbs.at\/ff\/wp-content\/uploads\/2021\/01\/IMG_20210107_182502-scaled.jpg","type":"image\/jpeg"}],"author":"Florian Oberleithner","twitter_card":"summary_large_image","twitter_misc":{"Verfasst von":"Florian Oberleithner","Gesch\u00e4tzte Lesezeit":"1\u00a0Minute"},"schema":{"@context":"https:\/\/schema.org","@graph":[{"@type":"Article","@id":"https:\/\/feuerwehr.neumarkt-ybbs.at\/ff\/index.php\/2021\/01\/08\/personensuche-in-kemmelbach\/#article","isPartOf":{"@id":"https:\/\/feuerwehr.neumarkt-ybbs.at\/ff\/index.php\/2021\/01\/08\/personensuche-in-kemmelbach\/"},"author":{"name":"Florian Oberleithner","@id":"https:\/\/feuerwehr.neumarkt-ybbs.at\/ff\/#\/schema\/person\/4ba157a05907e39ce4de94f81be09b55"},"headline":"Personensuche in Kemmelbach","datePublished":"2021-01-08T06:00:05+00:00","mainEntityOfPage":{"@id":"https:\/\/feuerwehr.neumarkt-ybbs.at\/ff\/index.php\/2021\/01\/08\/personensuche-in-kemmelbach\/"},"wordCount":107,"image":{"@id":"https:\/\/feuerwehr.neumarkt-ybbs.at\/ff\/index.php\/2021\/01\/08\/personensuche-in-kemmelbach\/#primaryimage"},"thumbnailUrl":"https:\/\/feuerwehr.neumarkt-ybbs.at\/ff\/wp-content\/uploads\/2021\/01\/IMG_20210107_182502-scaled.jpg","articleSection":{"1":"Eins\u00e4tze","2":"Neuigkeiten"},"inLanguage":"de"},{"@type":"WebPage","@id":"https:\/\/feuerwehr.neumarkt-ybbs.at\/ff\/index.php\/2021\/01\/08\/personensuche-in-kemmelbach\/","url":"https:\/\/feuerwehr.neumarkt-ybbs.at\/ff\/index.php\/2021\/01\/08\/personensuche-in-kemmelbach\/","name":"Personensuche in Kemmelbach - Feuerwehr Neumarkt\/Ybbs","isPartOf":{"@id":"https:\/\/feuerwehr.neumarkt-ybbs.at\/ff\/#website"},"primaryImageOfPage":{"@id":"https:\/\/feuerwehr.neumarkt-ybbs.at\/ff\/index.php\/2021\/01\/08\/personensuche-in-kemmelbach\/#primaryimage"},"image":{"@id":"https:\/\/feuerwehr.neumarkt-ybbs.at\/ff\/index.php\/2021\/01\/08\/personensuche-in-kemmelbach\/#primaryimage"},"thumbnailUrl":"https:\/\/feuerwehr.neumarkt-ybbs.at\/ff\/wp-content\/uploads\/2021\/01\/IMG_20210107_182502-scaled.jpg","datePublished":"2021-01-08T06:00:05+00:00","author":{"@id":"https:\/\/feuerwehr.neumarkt-ybbs.at\/ff\/#\/schema\/person\/4ba157a05907e39ce4de94f81be09b55"},"breadcrumb":{"@id":"https:\/\/feuerwehr.neumarkt-ybbs.at\/ff\/index.php\/2021\/01\/08\/personensuche-in-kemmelbach\/#breadcrumb"},"inLanguage":"de","potentialAction":[{"@type":"ReadAction","target":["https:\/\/feuerwehr.neumarkt-ybbs.at\/ff\/index.php\/2021\/01\/08\/personensuche-in-kemmelbach\/"]}]},{"@type":"ImageObject","inLanguage":"de","@id":"https:\/\/feuerwehr.neumarkt-ybbs.at\/ff\/index.php\/2021\/01\/08\/personensuche-in-kemmelbach\/#primaryimage","url":"https:\/\/feuerwehr.neumarkt-ybbs.at\/ff\/wp-content\/uploads\/2021\/01\/IMG_20210107_182502-scaled.jpg","contentUrl":"https:\/\/feuerwehr.neumarkt-ybbs.at\/ff\/wp-content\/uploads\/2021\/01\/IMG_20210107_182502-scaled.jpg","width":2560,"height":1167},{"@type":"BreadcrumbList","@id":"https:\/\/feuerwehr.neumarkt-ybbs.at\/ff\/index.php\/2021\/01\/08\/personensuche-in-kemmelbach\/#breadcrumb","itemListElement":[{"@type":"ListItem","position":1,"name":"Startseite","item":"https:\/\/feuerwehr.neumarkt-ybbs.at\/ff\/"},{"@type":"ListItem","position":2,"name":"Personensuche in Kemmelbach"}]},{"@type":"WebSite","@id":"https:\/\/feuerwehr.neumarkt-ybbs.at\/ff\/#website","url":"https:\/\/feuerwehr.neumarkt-ybbs.at\/ff\/","name":"Feuerwehr Neumarkt\/Ybbs","description":"Retten, Sch\u00fctzen, Bergen und L\u00f6schen","potentialAction":[{"@type":"SearchAction","target":{"@type":"EntryPoint","urlTemplate":"https:\/\/feuerwehr.neumarkt-ybbs.at\/ff\/?s={search_term_string}"},"query-input":{"@type":"PropertyValueSpecification","valueRequired":true,"valueName":"search_term_string"}}],"inLanguage":"de"},{"@type":"Person","@id":"https:\/\/feuerwehr.neumarkt-ybbs.at\/ff\/#\/schema\/person\/4ba157a05907e39ce4de94f81be09b55","name":"Florian Oberleithner","image":{"@type":"ImageObject","inLanguage":"de","@id":"https:\/\/secure.gravatar.com\/avatar\/bb83e13cb87b5cf77671cabb069f47c2d2fbc785363ed10b8b6aa5a8f74fb9be?s=96&d=mm&r=g","url":"https:\/\/secure.gravatar.com\/avatar\/bb83e13cb87b5cf77671cabb069f47c2d2fbc785363ed10b8b6aa5a8f74fb9be?s=96&d=mm&r=g","contentUrl":"https:\/\/secure.gravatar.com\/avatar\/bb83e13cb87b5cf77671cabb069f47c2d2fbc785363ed10b8b6aa5a8f74fb9be?s=96&d=mm&r=g","caption":"Florian Oberleithner"},"url":"https:\/\/feuerwehr.neumarkt-ybbs.at\/ff\/index.php\/author\/flo\/"}]}},"jetpack_publicize_connections":[],"jetpack_featured_media_url":"https:\/\/feuerwehr.neumarkt-ybbs.at\/ff\/wp-content\/uploads\/2021\/01\/IMG_20210107_182502-scaled.jpg","jetpack_sharing_enabled":true,"_links":{"self":[{"href":"https:\/\/feuerwehr.neumarkt-ybbs.at\/ff\/index.php\/wp-json\/wp\/v2\/posts\/2454","targetHints":{"allow":["GET"]}}],"collection":[{"href":"https:\/\/feuerwehr.neumarkt-ybbs.at\/ff\/index.php\/wp-json\/wp\/v2\/posts"}],"about":[{"href":"https:\/\/feuerwehr.neumarkt-ybbs.at\/ff\/index.php\/wp-json\/wp\/v2\/types\/post"}],"author":[{"embeddable":true,"href":"https:\/\/feuerwehr.neumarkt-ybbs.at\/ff\/index.php\/wp-json\/wp\/v2\/users\/2"}],"replies":[{"embeddable":true,"href":"https:\/\/feuerwehr.neumarkt-ybbs.at\/ff\/index.php\/wp-json\/wp\/v2\/comments?post=2454"}],"version-history":[{"count":2,"href":"https:\/\/feuerwehr.neumarkt-ybbs.at\/ff\/index.php\/wp-json\/wp\/v2\/posts\/2454\/revisions"}],"predecessor-version":[{"id":2461,"href":"https:\/\/feuerwehr.neumarkt-ybbs.at\/ff\/index.php\/wp-json\/wp\/v2\/posts\/2454\/revisions\/2461"}],"wp:featuredmedia":[{"embeddable":true,"href":"https:\/\/feuerwehr.neumarkt-ybbs.at\/ff\/index.php\/wp-json\/wp\/v2\/media\/2456"}],"wp:attachment":[{"href":"https:\/\/feuerwehr.neumarkt-ybbs.at\/ff\/index.php\/wp-json\/wp\/v2\/media?parent=2454"}],"wp:term":[{"taxonomy":"category","embeddable":true,"href":"https:\/\/feuerwehr.neumarkt-ybbs.at\/ff\/index.php\/wp-json\/wp\/v2\/categories?post=2454"},{"taxonomy":"post_tag","embeddable":true,"href":"https:\/\/feuerwehr.neumarkt-ybbs.at\/ff\/index.php\/wp-json\/wp\/v2\/tags?post=2454"}],"curies":[{"name":"wp","href":"https:\/\/api.w.org\/{rel}","templated":true}]}}